{"id":536,"date":"2025-06-06T08:00:55","date_gmt":"2025-06-06T08:00:55","guid":{"rendered":"https:\/\/elektriauto.ee\/blogi\/?p=536"},"modified":"2025-06-06T08:00:55","modified_gmt":"2025-06-06T08:00:55","slug":"sarava-tulevikuga-vaikeauto-smart-eq-fortwo","status":"publish","type":"post","link":"https:\/\/elektriauto.ee\/blogi\/sarava-tulevikuga-vaikeauto-smart-eq-fortwo\/","title":{"rendered":"S\u00e4rava tulevikuga v\u00e4ikeauto: Smart EQ ForTwo"},"content":{"rendered":"<h2>Sissejuhatus<\/h2>\n<p>Elektriautode revolutsiooni \u00e4\u00e4rel astume sammu l\u00e4hemale keskkonnas\u00f5bralikuma tuleviku suunas. Uute tehniliste lahenduste, elegantse disaini ja keskkonnas\u00e4\u00e4stlikkuse \u00fcmberkujundamine on saanud autotootjate p\u00f5hieesm\u00e4rgiks. \u00dcks selline auto, mis on muutnud meie arusaama elektriautodest, on Smart EQ ForTwo.<\/p>\n<h2>Peat\u00e4nava prints: Smart EQ ForTwo<\/h2>\n<p>Smart EQ ForTwo on v\u00e4rskeim laadimisv\u00f5imeline elektriauto maailma tuntud autotootjalt Smart. See on kompaktne, h\u00f5lbustab parkimist ja s\u00f5idab sujuvalt l\u00e4bi linnade, ning k\u00f5ik see muudab selle ideaalseks linnas\u00f5idukiks. <\/p>\n<p>Smart EQ ForTwo on varustatud 41-hobuj\u00f5ulise elektrimootoriga, mis k\u00e4ivitub silmapilkselt ja pakub \u00fcllatavalt sujuvat s\u00f5itu. Selle t\u00f6\u00f6piirkond on umbes 159 km (EPA hinnangul), mis on piisav igap\u00e4evaseks kaugeks pendeldamiseks.<\/p>\n<p>Autos on ruumi kahele inimesele ja see pakub ka head hoiuruumi, mis on suhteliselt rohkem kui teistes samas klassis olevates autodes. S\u00f5iduki v\u00e4ike suurus ja l\u00e4hedased suhted Mercedes-Benziga tagavad, et interj\u00f6\u00f6r on vastupidav ja stiilne.<\/p>\n<p>Samuti on Smart EQ ForTwo varustatud mitmete turvafunktsioonidega, nagu n\u00e4iteks stabiliseerimisprogramm ESP ja k\u00fclgkokkup\u00f5rke turvapadjad. Autol on ka mugavusfunktsioonid, nagu \u00f5hksoojendiga esiklaas ja soojendusega peeglid.<\/p>\n<h2>Kokkuv\u00f5te<\/h2>\n<p>Smart EQ ForTwo on ideaalne linnas\u00f5iduk neile, kes otsivad kompaktset suurust ja t\u00f5husat elektribaasi. See sobib suurep\u00e4raselt linnas\u00f5itudeks, pakkudes sujuvat juhtimist ja l\u00e4bim\u00f5eldud disaini. Kuigi v\u00e4ike, on sellel k\u00f5ik olulised omadused, mis moodustavad suurep\u00e4rase elektriauto. <\/p>\n<p>L\u00f5ppude l\u00f5puks, ei ole vahet, kui suur v\u00f5i v\u00e4ike auto on, kui see suudab t\u00e4ita k\u00f5ik vajalikud \u00fclesanded ja teha seda \u00f6konoomselt ja keskkonnas\u00f5bralikult. Ja selles suhtes on Smart EQ ForTwo t\u00f5eliselt suurep\u00e4rane valik.<\/p>\n","protected":false},"excerpt":{"rendered":"<p>Sissejuhatus Elektriautode revolutsiooni \u00e4\u00e4rel astume sammu l\u00e4hemale keskkonnas\u00f5bralikuma tuleviku suunas. Uute tehniliste lahenduste, elegantse disaini ja keskkonnas\u00e4\u00e4stlikkuse \u00fcmberkujundamine on&#8230;<\/p>\n","protected":false},"author":1,"featured_media":0,"comment_status":"closed","ping_status":"closed","sticky":false,"template":"","format":"standard","meta":{"footnotes":""},"categories":[1],"tags":[],"class_list":["post-536","post","type-post","status-publish","format-standard","hentry","category-maaratlemata"],"yoast_head":"<!-- This site is optimized with the Yoast SEO plugin v28.3 - https:\/\/yoast.com\/product\/yoast-seo-wordpress\/ -->\n<title>S\u00e4rava tulevikuga v\u00e4ikeauto: Smart EQ ForTwo - Elektriauto.ee Blog<\/title>\n<meta name=\"robots\" content=\"index, follow, max-snippet:-1, max-image-preview:large, max-video-preview:-1\" \/>\n<link rel=\"canonical\" href=\"https:\/\/elektriauto.ee\/blogi\/sarava-tulevikuga-vaikeauto-smart-eq-fortwo\/\" \/>\n<meta property=\"og:locale\" content=\"et_EE\" \/>\n<meta property=\"og:type\" content=\"article\" \/>\n<meta property=\"og:title\" content=\"S\u00e4rava tulevikuga v\u00e4ikeauto: Smart EQ ForTwo - Elektriauto.ee Blog\" \/>\n<meta property=\"og:description\" content=\"Sissejuhatus Elektriautode revolutsiooni \u00e4\u00e4rel astume sammu l\u00e4hemale keskkonnas\u00f5bralikuma tuleviku suunas. Uute tehniliste lahenduste, elegantse disaini ja keskkonnas\u00e4\u00e4stlikkuse \u00fcmberkujundamine on...\" \/>\n<meta property=\"og:url\" content=\"https:\/\/elektriauto.ee\/blogi\/sarava-tulevikuga-vaikeauto-smart-eq-fortwo\/\" \/>\n<meta property=\"og:site_name\" content=\"Elektriauto.ee Blog\" \/>\n<meta property=\"article:published_time\" content=\"2025-06-06T08:00:55+00:00\" \/>\n<meta name=\"author\" content=\"gunther\" \/>\n<meta name=\"twitter:card\" content=\"summary_large_image\" \/>\n<meta name=\"twitter:label1\" content=\"Kirjutanud\" \/>\n\t<meta name=\"twitter:data1\" content=\"gunther\" \/>\n\t<meta name=\"twitter:label2\" content=\"Eeldatav lugemisaeg\" \/>\n\t<meta name=\"twitter:data2\" content=\"1 minut\" \/>\n<script type=\"application\/ld+json\" class=\"yoast-schema-graph\">{\"@context\":\"https:\\\/\\\/schema.org\",\"@graph\":[{\"@type\":\"Article\",\"@id\":\"https:\\\/\\\/elektriauto.ee\\\/blogi\\\/sarava-tulevikuga-vaikeauto-smart-eq-fortwo\\\/#article\",\"isPartOf\":{\"@id\":\"https:\\\/\\\/elektriauto.ee\\\/blogi\\\/sarava-tulevikuga-vaikeauto-smart-eq-fortwo\\\/\"},\"author\":{\"name\":\"gunther\",\"@id\":\"https:\\\/\\\/elektriauto.ee\\\/blogi\\\/#\\\/schema\\\/person\\\/3fdeb56b2cc943f1bcc79efaea092f81\"},\"headline\":\"S\u00e4rava tulevikuga v\u00e4ikeauto: Smart EQ ForTwo\",\"datePublished\":\"2025-06-06T08:00:55+00:00\",\"mainEntityOfPage\":{\"@id\":\"https:\\\/\\\/elektriauto.ee\\\/blogi\\\/sarava-tulevikuga-vaikeauto-smart-eq-fortwo\\\/\"},\"wordCount\":278,\"inLanguage\":\"et\"},{\"@type\":\"WebPage\",\"@id\":\"https:\\\/\\\/elektriauto.ee\\\/blogi\\\/sarava-tulevikuga-vaikeauto-smart-eq-fortwo\\\/\",\"url\":\"https:\\\/\\\/elektriauto.ee\\\/blogi\\\/sarava-tulevikuga-vaikeauto-smart-eq-fortwo\\\/\",\"name\":\"S\u00e4rava tulevikuga v\u00e4ikeauto: Smart EQ ForTwo - Elektriauto.ee Blog\",\"isPartOf\":{\"@id\":\"https:\\\/\\\/elektriauto.ee\\\/blogi\\\/#website\"},\"datePublished\":\"2025-06-06T08:00:55+00:00\",\"author\":{\"@id\":\"https:\\\/\\\/elektriauto.ee\\\/blogi\\\/#\\\/schema\\\/person\\\/3fdeb56b2cc943f1bcc79efaea092f81\"},\"breadcrumb\":{\"@id\":\"https:\\\/\\\/elektriauto.ee\\\/blogi\\\/sarava-tulevikuga-vaikeauto-smart-eq-fortwo\\\/#breadcrumb\"},\"inLanguage\":\"et\",\"potentialAction\":[{\"@type\":\"ReadAction\",\"target\":[\"https:\\\/\\\/elektriauto.ee\\\/blogi\\\/sarava-tulevikuga-vaikeauto-smart-eq-fortwo\\\/\"]}]},{\"@type\":\"BreadcrumbList\",\"@id\":\"https:\\\/\\\/elektriauto.ee\\\/blogi\\\/sarava-tulevikuga-vaikeauto-smart-eq-fortwo\\\/#breadcrumb\",\"itemListElement\":[{\"@type\":\"ListItem\",\"position\":1,\"name\":\"Avaleht\",\"item\":\"https:\\\/\\\/elektriauto.ee\\\/blogi\\\/\"},{\"@type\":\"ListItem\",\"position\":2,\"name\":\"S\u00e4rava tulevikuga v\u00e4ikeauto: Smart EQ ForTwo\"}]},{\"@type\":\"WebSite\",\"@id\":\"https:\\\/\\\/elektriauto.ee\\\/blogi\\\/#website\",\"url\":\"https:\\\/\\\/elektriauto.ee\\\/blogi\\\/\",\"name\":\"Elektriauto.ee Blog\",\"description\":\"K\u00f5ik elektriautodest\",\"potentialAction\":[{\"@type\":\"SearchAction\",\"target\":{\"@type\":\"EntryPoint\",\"urlTemplate\":\"https:\\\/\\\/elektriauto.ee\\\/blogi\\\/?s={search_term_string}\"},\"query-input\":{\"@type\":\"PropertyValueSpecification\",\"valueRequired\":true,\"valueName\":\"search_term_string\"}}],\"inLanguage\":\"et\"},{\"@type\":\"Person\",\"@id\":\"https:\\\/\\\/elektriauto.ee\\\/blogi\\\/#\\\/schema\\\/person\\\/3fdeb56b2cc943f1bcc79efaea092f81\",\"name\":\"gunther\",\"image\":{\"@type\":\"ImageObject\",\"inLanguage\":\"et\",\"@id\":\"https:\\\/\\\/secure.gravatar.com\\\/avatar\\\/b00ac2cf6e68bee7996eebe28cf5b0aabe9cb3664c1c78f7c35da153c840df1b?s=96&d=mm&r=g\",\"url\":\"https:\\\/\\\/secure.gravatar.com\\\/avatar\\\/b00ac2cf6e68bee7996eebe28cf5b0aabe9cb3664c1c78f7c35da153c840df1b?s=96&d=mm&r=g\",\"contentUrl\":\"https:\\\/\\\/secure.gravatar.com\\\/avatar\\\/b00ac2cf6e68bee7996eebe28cf5b0aabe9cb3664c1c78f7c35da153c840df1b?s=96&d=mm&r=g\",\"caption\":\"gunther\"},\"sameAs\":[\"https:\\\/\\\/elektriauto.ee\\\/blogi\"],\"url\":\"https:\\\/\\\/elektriauto.ee\\\/blogi\\\/author\\\/gunther\\\/\"}]}<\/script>\n<!-- \/ Yoast SEO plugin. -->","yoast_head_json":{"title":"S\u00e4rava tulevikuga v\u00e4ikeauto: Smart EQ ForTwo - Elektriauto.ee Blog","robots":{"index":"index","follow":"follow","max-snippet":"max-snippet:-1","max-image-preview":"max-image-preview:large","max-video-preview":"max-video-preview:-1"},"canonical":"https:\/\/elektriauto.ee\/blogi\/sarava-tulevikuga-vaikeauto-smart-eq-fortwo\/","og_locale":"et_EE","og_type":"article","og_title":"S\u00e4rava tulevikuga v\u00e4ikeauto: Smart EQ ForTwo - Elektriauto.ee Blog","og_description":"Sissejuhatus Elektriautode revolutsiooni \u00e4\u00e4rel astume sammu l\u00e4hemale keskkonnas\u00f5bralikuma tuleviku suunas. Uute tehniliste lahenduste, elegantse disaini ja keskkonnas\u00e4\u00e4stlikkuse \u00fcmberkujundamine on...","og_url":"https:\/\/elektriauto.ee\/blogi\/sarava-tulevikuga-vaikeauto-smart-eq-fortwo\/","og_site_name":"Elektriauto.ee Blog","article_published_time":"2025-06-06T08:00:55+00:00","author":"gunther","twitter_card":"summary_large_image","twitter_misc":{"Kirjutanud":"gunther","Eeldatav lugemisaeg":"1 minut"},"schema":{"@context":"https:\/\/schema.org","@graph":[{"@type":"Article","@id":"https:\/\/elektriauto.ee\/blogi\/sarava-tulevikuga-vaikeauto-smart-eq-fortwo\/#article","isPartOf":{"@id":"https:\/\/elektriauto.ee\/blogi\/sarava-tulevikuga-vaikeauto-smart-eq-fortwo\/"},"author":{"name":"gunther","@id":"https:\/\/elektriauto.ee\/blogi\/#\/schema\/person\/3fdeb56b2cc943f1bcc79efaea092f81"},"headline":"S\u00e4rava tulevikuga v\u00e4ikeauto: Smart EQ ForTwo","datePublished":"2025-06-06T08:00:55+00:00","mainEntityOfPage":{"@id":"https:\/\/elektriauto.ee\/blogi\/sarava-tulevikuga-vaikeauto-smart-eq-fortwo\/"},"wordCount":278,"inLanguage":"et"},{"@type":"WebPage","@id":"https:\/\/elektriauto.ee\/blogi\/sarava-tulevikuga-vaikeauto-smart-eq-fortwo\/","url":"https:\/\/elektriauto.ee\/blogi\/sarava-tulevikuga-vaikeauto-smart-eq-fortwo\/","name":"S\u00e4rava tulevikuga v\u00e4ikeauto: Smart EQ ForTwo - Elektriauto.ee Blog","isPartOf":{"@id":"https:\/\/elektriauto.ee\/blogi\/#website"},"datePublished":"2025-06-06T08:00:55+00:00","author":{"@id":"https:\/\/elektriauto.ee\/blogi\/#\/schema\/person\/3fdeb56b2cc943f1bcc79efaea092f81"},"breadcrumb":{"@id":"https:\/\/elektriauto.ee\/blogi\/sarava-tulevikuga-vaikeauto-smart-eq-fortwo\/#breadcrumb"},"inLanguage":"et","potentialAction":[{"@type":"ReadAction","target":["https:\/\/elektriauto.ee\/blogi\/sarava-tulevikuga-vaikeauto-smart-eq-fortwo\/"]}]},{"@type":"BreadcrumbList","@id":"https:\/\/elektriauto.ee\/blogi\/sarava-tulevikuga-vaikeauto-smart-eq-fortwo\/#breadcrumb","itemListElement":[{"@type":"ListItem","position":1,"name":"Avaleht","item":"https:\/\/elektriauto.ee\/blogi\/"},{"@type":"ListItem","position":2,"name":"S\u00e4rava tulevikuga v\u00e4ikeauto: Smart EQ ForTwo"}]},{"@type":"WebSite","@id":"https:\/\/elektriauto.ee\/blogi\/#website","url":"https:\/\/elektriauto.ee\/blogi\/","name":"Elektriauto.ee Blog","description":"K\u00f5ik elektriautodest","potentialAction":[{"@type":"SearchAction","target":{"@type":"EntryPoint","urlTemplate":"https:\/\/elektriauto.ee\/blogi\/?s={search_term_string}"},"query-input":{"@type":"PropertyValueSpecification","valueRequired":true,"valueName":"search_term_string"}}],"inLanguage":"et"},{"@type":"Person","@id":"https:\/\/elektriauto.ee\/blogi\/#\/schema\/person\/3fdeb56b2cc943f1bcc79efaea092f81","name":"gunther","image":{"@type":"ImageObject","inLanguage":"et","@id":"https:\/\/secure.gravatar.com\/avatar\/b00ac2cf6e68bee7996eebe28cf5b0aabe9cb3664c1c78f7c35da153c840df1b?s=96&d=mm&r=g","url":"https:\/\/secure.gravatar.com\/avatar\/b00ac2cf6e68bee7996eebe28cf5b0aabe9cb3664c1c78f7c35da153c840df1b?s=96&d=mm&r=g","contentUrl":"https:\/\/secure.gravatar.com\/avatar\/b00ac2cf6e68bee7996eebe28cf5b0aabe9cb3664c1c78f7c35da153c840df1b?s=96&d=mm&r=g","caption":"gunther"},"sameAs":["https:\/\/elektriauto.ee\/blogi"],"url":"https:\/\/elektriauto.ee\/blogi\/author\/gunther\/"}]}},"_links":{"self":[{"href":"https:\/\/elektriauto.ee\/blogi\/wp-json\/wp\/v2\/posts\/536","targetHints":{"allow":["GET"]}}],"collection":[{"href":"https:\/\/elektriauto.ee\/blogi\/wp-json\/wp\/v2\/posts"}],"about":[{"href":"https:\/\/elektriauto.ee\/blogi\/wp-json\/wp\/v2\/types\/post"}],"author":[{"embeddable":true,"href":"https:\/\/elektriauto.ee\/blogi\/wp-json\/wp\/v2\/users\/1"}],"replies":[{"embeddable":true,"href":"https:\/\/elektriauto.ee\/blogi\/wp-json\/wp\/v2\/comments?post=536"}],"version-history":[{"count":0,"href":"https:\/\/elektriauto.ee\/blogi\/wp-json\/wp\/v2\/posts\/536\/revisions"}],"wp:attachment":[{"href":"https:\/\/elektriauto.ee\/blogi\/wp-json\/wp\/v2\/media?parent=536"}],"wp:term":[{"taxonomy":"category","embeddable":true,"href":"https:\/\/elektriauto.ee\/blogi\/wp-json\/wp\/v2\/categories?post=536"},{"taxonomy":"post_tag","embeddable":true,"href":"https:\/\/elektriauto.ee\/blogi\/wp-json\/wp\/v2\/tags?post=536"}],"curies":[{"name":"wp","href":"https:\/\/api.w.org\/{rel}","templated":true}]}}