{"id":518,"date":"2024-12-07T13:03:32","date_gmt":"2024-12-07T13:03:32","guid":{"rendered":"https:\/\/elektriauto.ee\/blogi\/?p=518"},"modified":"2024-12-07T13:03:32","modified_gmt":"2024-12-07T13:03:32","slug":"vaike-kuid-voimekas-tutvustame-elektriautot-smart-eq-fortwo","status":"publish","type":"post","link":"https:\/\/elektriauto.ee\/blogi\/vaike-kuid-voimekas-tutvustame-elektriautot-smart-eq-fortwo\/","title":{"rendered":"V\u00e4ike kuid v\u00f5imekas: tutvustame elektriautot Smart EQ ForTwo"},"content":{"rendered":"<p>Olles pikka aega m\u00f5elnud elektriautode peale, olen j\u00f5udnud t\u00f5demuseni, et elektris\u00f5idukite maailm on tulvil erinevate hinnaklasside ja tehniliste n\u00e4itajatega mudeleid. Sellest tulenevalt v\u00f5ib t\u00e4iusliku masina leidmine muutuda keeruliseks. Selles postituses toon teieni p\u00f5hjaliku \u00fclevaate algtaseme elektriautost &#8211; Smart EQ ForTwo.<\/p>\n<h2>Mis teeb Smart EQ ForTwo eriliseks?<\/h2>\n<p>Smart EQ ForTwo on ideaalne linnas\u00f5iduk &#8211; kompaktne, v\u00e4ike ja kerge. Juba esmapilgul paistab silma tema ainulaadne disain, mille fookuses on funktsionaalsus. Auto on v\u00e4ga man\u00f6\u00f6verdusv\u00f5imeline ning 2,69 meetri pikkusega kergus ise parkida.<\/p>\n<p>Auto suurimaks m\u00fc\u00fcgiargumendiks on aga kahtlemata selle keskkonnas\u00e4\u00e4stlikkus. T\u00e4nu elektriajamile ei erita see auto \u00f5hku heitgaase ning 60 kW v\u00f5imsusega elektrimootor tagab s\u00f5iduki kiirenduse 0-100 km\/h vaid 11,5 sekundiga.<\/p>\n<p>Erinevalt paljudest teistest elektriautodest on Smart EQ ForTwo valmistatud Euroopas, mis tagab kvaliteedikontrolli ja l\u00fchemad tarneajad. Ka tehnoloogiline poole pealt ei j\u00e4\u00e4 see alla suurematele konkurentidele; varustusse kuuluvad navigatsiooniseade, soojendusega rool, 7-tolline puuteekraan ja palju muud. Ka s\u00f5iduulatus on t\u00e4iesti piisav: \u00fche laadimisega saab l\u00e4bida keskmiselt 120-150 km, mis on p\u00e4ris hea n\u00e4itaja linnas\u00f5iduauto kohta.<\/p>\n<h2>Kokkuv\u00f5te<\/h2>\n<p>\u00dches\u00f5naga, Smart EQ ForTwo on v\u00e4hem energiat tarbiv ja rohkem mugavust pakkuv auto, mille omamine v\u00f5ib t\u00e4hendada suurt kokkuhoidu. Kui arvestada, et selle autoga on lihtne parkida, ei eraldu heitgaase ja selle pidamine on odavam kui bensiinimootorilise auto puhul, tundub Smart EQ ForTwo \u00fcsna ahvatleva valikuna neile, kes m\u00f5tlevad elektriauto soetamisest.<\/p>\n<p>Lisaks on Smart EQ ForTwo ka lihtsalt armas vaadata. Selle minimalistlik ja moodne disain j\u00e4tab ruumi detailidele ja auto v\u00e4rvid on eredalt silmatorkavad. See on auto, mis laseb sul s\u00e4ra tuua mitte ainult keskkonnas\u00f5bralikkuse, vaid ka ainulaadse stiili poolest.<\/p>\n<p>S\u00fcdamest soovitan t\u00f5siselt kaaluda, kas see v\u00f5iks olla sinu j\u00e4rgmine samm s\u00e4\u00e4stlikuma ja keskkonnas\u00f5bralikuma elu suunas. \u00c4kki on see sinu v\u00e4ike panus planeedi heaks? Nagu \u00f6eldakse, suured muutused algavad v\u00e4ikestest sammudest.<\/p>\n","protected":false},"excerpt":{"rendered":"<p>Olles pikka aega m\u00f5elnud elektriautode peale, olen j\u00f5udnud t\u00f5demuseni, et elektris\u00f5idukite maailm on tulvil erinevate hinnaklasside ja tehniliste n\u00e4itajatega mudeleid. Sellest tulenevalt v\u00f5ib&#8230;<\/p>\n","protected":false},"author":1,"featured_media":0,"comment_status":"closed","ping_status":"closed","sticky":false,"template":"","format":"standard","meta":{"footnotes":""},"categories":[1],"tags":[],"class_list":["post-518","post","type-post","status-publish","format-standard","hentry","category-maaratlemata"],"yoast_head":"<!-- This site is optimized with the Yoast SEO plugin v28.3 - https:\/\/yoast.com\/product\/yoast-seo-wordpress\/ -->\n<title>V\u00e4ike kuid v\u00f5imekas: tutvustame elektriautot Smart EQ ForTwo - Elektriauto.ee Blog<\/title>\n<meta name=\"robots\" content=\"index, follow, max-snippet:-1, max-image-preview:large, max-video-preview:-1\" \/>\n<link rel=\"canonical\" href=\"https:\/\/elektriauto.ee\/blogi\/vaike-kuid-voimekas-tutvustame-elektriautot-smart-eq-fortwo\/\" \/>\n<meta property=\"og:locale\" content=\"et_EE\" \/>\n<meta property=\"og:type\" content=\"article\" \/>\n<meta property=\"og:title\" content=\"V\u00e4ike kuid v\u00f5imekas: tutvustame elektriautot Smart EQ ForTwo - Elektriauto.ee Blog\" \/>\n<meta property=\"og:description\" content=\"Olles pikka aega m\u00f5elnud elektriautode peale, olen j\u00f5udnud t\u00f5demuseni, et elektris\u00f5idukite maailm on tulvil erinevate hinnaklasside ja tehniliste n\u00e4itajatega mudeleid. Sellest tulenevalt v\u00f5ib...\" \/>\n<meta property=\"og:url\" content=\"https:\/\/elektriauto.ee\/blogi\/vaike-kuid-voimekas-tutvustame-elektriautot-smart-eq-fortwo\/\" \/>\n<meta property=\"og:site_name\" content=\"Elektriauto.ee Blog\" \/>\n<meta property=\"article:published_time\" content=\"2024-12-07T13:03:32+00:00\" \/>\n<meta name=\"author\" content=\"gunther\" \/>\n<meta name=\"twitter:card\" content=\"summary_large_image\" \/>\n<meta name=\"twitter:label1\" content=\"Kirjutanud\" \/>\n\t<meta name=\"twitter:data1\" content=\"gunther\" \/>\n\t<meta name=\"twitter:label2\" content=\"Eeldatav lugemisaeg\" \/>\n\t<meta name=\"twitter:data2\" content=\"2 minutit\" \/>\n<script type=\"application\/ld+json\" class=\"yoast-schema-graph\">{\"@context\":\"https:\\\/\\\/schema.org\",\"@graph\":[{\"@type\":\"Article\",\"@id\":\"https:\\\/\\\/elektriauto.ee\\\/blogi\\\/vaike-kuid-voimekas-tutvustame-elektriautot-smart-eq-fortwo\\\/#article\",\"isPartOf\":{\"@id\":\"https:\\\/\\\/elektriauto.ee\\\/blogi\\\/vaike-kuid-voimekas-tutvustame-elektriautot-smart-eq-fortwo\\\/\"},\"author\":{\"name\":\"gunther\",\"@id\":\"https:\\\/\\\/elektriauto.ee\\\/blogi\\\/#\\\/schema\\\/person\\\/3fdeb56b2cc943f1bcc79efaea092f81\"},\"headline\":\"V\u00e4ike kuid v\u00f5imekas: tutvustame elektriautot Smart EQ ForTwo\",\"datePublished\":\"2024-12-07T13:03:32+00:00\",\"mainEntityOfPage\":{\"@id\":\"https:\\\/\\\/elektriauto.ee\\\/blogi\\\/vaike-kuid-voimekas-tutvustame-elektriautot-smart-eq-fortwo\\\/\"},\"wordCount\":336,\"inLanguage\":\"et\"},{\"@type\":\"WebPage\",\"@id\":\"https:\\\/\\\/elektriauto.ee\\\/blogi\\\/vaike-kuid-voimekas-tutvustame-elektriautot-smart-eq-fortwo\\\/\",\"url\":\"https:\\\/\\\/elektriauto.ee\\\/blogi\\\/vaike-kuid-voimekas-tutvustame-elektriautot-smart-eq-fortwo\\\/\",\"name\":\"V\u00e4ike kuid v\u00f5imekas: tutvustame elektriautot Smart EQ ForTwo - Elektriauto.ee Blog\",\"isPartOf\":{\"@id\":\"https:\\\/\\\/elektriauto.ee\\\/blogi\\\/#website\"},\"datePublished\":\"2024-12-07T13:03:32+00:00\",\"author\":{\"@id\":\"https:\\\/\\\/elektriauto.ee\\\/blogi\\\/#\\\/schema\\\/person\\\/3fdeb56b2cc943f1bcc79efaea092f81\"},\"breadcrumb\":{\"@id\":\"https:\\\/\\\/elektriauto.ee\\\/blogi\\\/vaike-kuid-voimekas-tutvustame-elektriautot-smart-eq-fortwo\\\/#breadcrumb\"},\"inLanguage\":\"et\",\"potentialAction\":[{\"@type\":\"ReadAction\",\"target\":[\"https:\\\/\\\/elektriauto.ee\\\/blogi\\\/vaike-kuid-voimekas-tutvustame-elektriautot-smart-eq-fortwo\\\/\"]}]},{\"@type\":\"BreadcrumbList\",\"@id\":\"https:\\\/\\\/elektriauto.ee\\\/blogi\\\/vaike-kuid-voimekas-tutvustame-elektriautot-smart-eq-fortwo\\\/#breadcrumb\",\"itemListElement\":[{\"@type\":\"ListItem\",\"position\":1,\"name\":\"Avaleht\",\"item\":\"https:\\\/\\\/elektriauto.ee\\\/blogi\\\/\"},{\"@type\":\"ListItem\",\"position\":2,\"name\":\"V\u00e4ike kuid v\u00f5imekas: tutvustame elektriautot Smart EQ ForTwo\"}]},{\"@type\":\"WebSite\",\"@id\":\"https:\\\/\\\/elektriauto.ee\\\/blogi\\\/#website\",\"url\":\"https:\\\/\\\/elektriauto.ee\\\/blogi\\\/\",\"name\":\"Elektriauto.ee Blog\",\"description\":\"K\u00f5ik elektriautodest\",\"potentialAction\":[{\"@type\":\"SearchAction\",\"target\":{\"@type\":\"EntryPoint\",\"urlTemplate\":\"https:\\\/\\\/elektriauto.ee\\\/blogi\\\/?s={search_term_string}\"},\"query-input\":{\"@type\":\"PropertyValueSpecification\",\"valueRequired\":true,\"valueName\":\"search_term_string\"}}],\"inLanguage\":\"et\"},{\"@type\":\"Person\",\"@id\":\"https:\\\/\\\/elektriauto.ee\\\/blogi\\\/#\\\/schema\\\/person\\\/3fdeb56b2cc943f1bcc79efaea092f81\",\"name\":\"gunther\",\"image\":{\"@type\":\"ImageObject\",\"inLanguage\":\"et\",\"@id\":\"https:\\\/\\\/secure.gravatar.com\\\/avatar\\\/b00ac2cf6e68bee7996eebe28cf5b0aabe9cb3664c1c78f7c35da153c840df1b?s=96&d=mm&r=g\",\"url\":\"https:\\\/\\\/secure.gravatar.com\\\/avatar\\\/b00ac2cf6e68bee7996eebe28cf5b0aabe9cb3664c1c78f7c35da153c840df1b?s=96&d=mm&r=g\",\"contentUrl\":\"https:\\\/\\\/secure.gravatar.com\\\/avatar\\\/b00ac2cf6e68bee7996eebe28cf5b0aabe9cb3664c1c78f7c35da153c840df1b?s=96&d=mm&r=g\",\"caption\":\"gunther\"},\"sameAs\":[\"https:\\\/\\\/elektriauto.ee\\\/blogi\"],\"url\":\"https:\\\/\\\/elektriauto.ee\\\/blogi\\\/author\\\/gunther\\\/\"}]}<\/script>\n<!-- \/ Yoast SEO plugin. -->","yoast_head_json":{"title":"V\u00e4ike kuid v\u00f5imekas: tutvustame elektriautot Smart EQ ForTwo - Elektriauto.ee Blog","robots":{"index":"index","follow":"follow","max-snippet":"max-snippet:-1","max-image-preview":"max-image-preview:large","max-video-preview":"max-video-preview:-1"},"canonical":"https:\/\/elektriauto.ee\/blogi\/vaike-kuid-voimekas-tutvustame-elektriautot-smart-eq-fortwo\/","og_locale":"et_EE","og_type":"article","og_title":"V\u00e4ike kuid v\u00f5imekas: tutvustame elektriautot Smart EQ ForTwo - Elektriauto.ee Blog","og_description":"Olles pikka aega m\u00f5elnud elektriautode peale, olen j\u00f5udnud t\u00f5demuseni, et elektris\u00f5idukite maailm on tulvil erinevate hinnaklasside ja tehniliste n\u00e4itajatega mudeleid. Sellest tulenevalt v\u00f5ib...","og_url":"https:\/\/elektriauto.ee\/blogi\/vaike-kuid-voimekas-tutvustame-elektriautot-smart-eq-fortwo\/","og_site_name":"Elektriauto.ee Blog","article_published_time":"2024-12-07T13:03:32+00:00","author":"gunther","twitter_card":"summary_large_image","twitter_misc":{"Kirjutanud":"gunther","Eeldatav lugemisaeg":"2 minutit"},"schema":{"@context":"https:\/\/schema.org","@graph":[{"@type":"Article","@id":"https:\/\/elektriauto.ee\/blogi\/vaike-kuid-voimekas-tutvustame-elektriautot-smart-eq-fortwo\/#article","isPartOf":{"@id":"https:\/\/elektriauto.ee\/blogi\/vaike-kuid-voimekas-tutvustame-elektriautot-smart-eq-fortwo\/"},"author":{"name":"gunther","@id":"https:\/\/elektriauto.ee\/blogi\/#\/schema\/person\/3fdeb56b2cc943f1bcc79efaea092f81"},"headline":"V\u00e4ike kuid v\u00f5imekas: tutvustame elektriautot Smart EQ ForTwo","datePublished":"2024-12-07T13:03:32+00:00","mainEntityOfPage":{"@id":"https:\/\/elektriauto.ee\/blogi\/vaike-kuid-voimekas-tutvustame-elektriautot-smart-eq-fortwo\/"},"wordCount":336,"inLanguage":"et"},{"@type":"WebPage","@id":"https:\/\/elektriauto.ee\/blogi\/vaike-kuid-voimekas-tutvustame-elektriautot-smart-eq-fortwo\/","url":"https:\/\/elektriauto.ee\/blogi\/vaike-kuid-voimekas-tutvustame-elektriautot-smart-eq-fortwo\/","name":"V\u00e4ike kuid v\u00f5imekas: tutvustame elektriautot Smart EQ ForTwo - Elektriauto.ee Blog","isPartOf":{"@id":"https:\/\/elektriauto.ee\/blogi\/#website"},"datePublished":"2024-12-07T13:03:32+00:00","author":{"@id":"https:\/\/elektriauto.ee\/blogi\/#\/schema\/person\/3fdeb56b2cc943f1bcc79efaea092f81"},"breadcrumb":{"@id":"https:\/\/elektriauto.ee\/blogi\/vaike-kuid-voimekas-tutvustame-elektriautot-smart-eq-fortwo\/#breadcrumb"},"inLanguage":"et","potentialAction":[{"@type":"ReadAction","target":["https:\/\/elektriauto.ee\/blogi\/vaike-kuid-voimekas-tutvustame-elektriautot-smart-eq-fortwo\/"]}]},{"@type":"BreadcrumbList","@id":"https:\/\/elektriauto.ee\/blogi\/vaike-kuid-voimekas-tutvustame-elektriautot-smart-eq-fortwo\/#breadcrumb","itemListElement":[{"@type":"ListItem","position":1,"name":"Avaleht","item":"https:\/\/elektriauto.ee\/blogi\/"},{"@type":"ListItem","position":2,"name":"V\u00e4ike kuid v\u00f5imekas: tutvustame elektriautot Smart EQ ForTwo"}]},{"@type":"WebSite","@id":"https:\/\/elektriauto.ee\/blogi\/#website","url":"https:\/\/elektriauto.ee\/blogi\/","name":"Elektriauto.ee Blog","description":"K\u00f5ik elektriautodest","potentialAction":[{"@type":"SearchAction","target":{"@type":"EntryPoint","urlTemplate":"https:\/\/elektriauto.ee\/blogi\/?s={search_term_string}"},"query-input":{"@type":"PropertyValueSpecification","valueRequired":true,"valueName":"search_term_string"}}],"inLanguage":"et"},{"@type":"Person","@id":"https:\/\/elektriauto.ee\/blogi\/#\/schema\/person\/3fdeb56b2cc943f1bcc79efaea092f81","name":"gunther","image":{"@type":"ImageObject","inLanguage":"et","@id":"https:\/\/secure.gravatar.com\/avatar\/b00ac2cf6e68bee7996eebe28cf5b0aabe9cb3664c1c78f7c35da153c840df1b?s=96&d=mm&r=g","url":"https:\/\/secure.gravatar.com\/avatar\/b00ac2cf6e68bee7996eebe28cf5b0aabe9cb3664c1c78f7c35da153c840df1b?s=96&d=mm&r=g","contentUrl":"https:\/\/secure.gravatar.com\/avatar\/b00ac2cf6e68bee7996eebe28cf5b0aabe9cb3664c1c78f7c35da153c840df1b?s=96&d=mm&r=g","caption":"gunther"},"sameAs":["https:\/\/elektriauto.ee\/blogi"],"url":"https:\/\/elektriauto.ee\/blogi\/author\/gunther\/"}]}},"_links":{"self":[{"href":"https:\/\/elektriauto.ee\/blogi\/wp-json\/wp\/v2\/posts\/518","targetHints":{"allow":["GET"]}}],"collection":[{"href":"https:\/\/elektriauto.ee\/blogi\/wp-json\/wp\/v2\/posts"}],"about":[{"href":"https:\/\/elektriauto.ee\/blogi\/wp-json\/wp\/v2\/types\/post"}],"author":[{"embeddable":true,"href":"https:\/\/elektriauto.ee\/blogi\/wp-json\/wp\/v2\/users\/1"}],"replies":[{"embeddable":true,"href":"https:\/\/elektriauto.ee\/blogi\/wp-json\/wp\/v2\/comments?post=518"}],"version-history":[{"count":0,"href":"https:\/\/elektriauto.ee\/blogi\/wp-json\/wp\/v2\/posts\/518\/revisions"}],"wp:attachment":[{"href":"https:\/\/elektriauto.ee\/blogi\/wp-json\/wp\/v2\/media?parent=518"}],"wp:term":[{"taxonomy":"category","embeddable":true,"href":"https:\/\/elektriauto.ee\/blogi\/wp-json\/wp\/v2\/categories?post=518"},{"taxonomy":"post_tag","embeddable":true,"href":"https:\/\/elektriauto.ee\/blogi\/wp-json\/wp\/v2\/tags?post=518"}],"curies":[{"name":"wp","href":"https:\/\/api.w.org\/{rel}","templated":true}]}}