{"id":513,"date":"2024-11-04T15:33:21","date_gmt":"2024-11-04T15:33:21","guid":{"rendered":"https:\/\/elektriauto.ee\/blogi\/?p=513"},"modified":"2024-11-04T15:33:21","modified_gmt":"2024-11-04T15:33:21","slug":"soit-rohelisse-tulevikku-smart-eq-fortwo","status":"publish","type":"post","link":"https:\/\/elektriauto.ee\/blogi\/soit-rohelisse-tulevikku-smart-eq-fortwo\/","title":{"rendered":"S\u00f5it Rohelisse Tulevikku: Smart EQ ForTwo"},"content":{"rendered":"<h2>Sissejuhatus<\/h2>\n<p>On igati loomulik, et kuna meie elukorraldus on kiiresti muutumas \u00fcha rohkem tehnoloogiakeskseks ning meie keskkonnateadlikkus suureneb, hakkame me ka kiiresti liikuma rohelisema eluviisi suunas. \u00dcks selline valdkond on autot\u00f6\u00f6stus, kus elektriautod on hakanud omaenda kohta otsima. T\u00e4na r\u00e4\u00e4gime sellest, kuidas Smart EQ ForTwo rohelist tulevikku \u00fcha l\u00e4hemale toob.<\/p>\n<h2>Smart EQ ForTwo: Sinu Roheline Kaaslane<\/h2>\n<p>Smart EQ ForTwo on v\u00e4ike urbanistlik coupe, mis pakub parimat elektri j\u00f5ul t\u00f6\u00f6tavaid autotehnoloogiaid koos suurep\u00e4rase man\u00f6\u00f6verdamisv\u00f5imega. T\u00e4nu oma 17,6 kWh aku ja 41 hj elektrimootorile on see auto v\u00f5imeline s\u00f5itma umbes 160 km \u00fche laadimisotsaga. Kuigi see pole v\u00f5rreldav paljude suuremate elektriautode j\u00f5udlusega, on see sobiv neile, kes peamiselt linna piirides s\u00f5idavad.<\/p>\n<p>Mis eristab Smart EQ ForTwo\u2019t, on selle mugavus ja praktilisus linnatingimustes. See auto mahub ka k\u00f5ige kitsamatesse parkimiskohtadesse, seega pole parkimine enam probleem. Samuti v\u00e4\u00e4rib \u00e4ram\u00e4rkimist selle auto nutikaid funktsioone, nagu mugav juhtmeta laadimine ja lihtne juhtimiss\u00fcsteem.<\/p>\n<h2>Kokkuv\u00f5te<\/h2>\n<p>L\u00f5ppkokkuv\u00f5ttes, kuigi Smart EQ ForTwo ei pruugi olla see auto, mille poole suunatakse pilgud suurtel elektris\u00f5idukite n\u00e4itustel, on sel oma koht. See on t\u00e4iuslik auto inimesele, kes hoolib keskkonnast, vajab mugavust linnatingimustes ja soovib samas s\u00e4\u00e4sta k\u00fctusekulusid. Niisiis, kui elate peamiselt linnas ja otsite lihtsat, rohelist ja taskukohast v\u00f5imalust, siis v\u00f5ib-olla on Smart EQ ForTwo just see, mida otsite. Rajades teed lihtsama, mugavama ja rohelisema elu suunas, on Smart EQ ForTwo samm \u00f5iges suunas.<\/p>\n","protected":false},"excerpt":{"rendered":"<p>Sissejuhatus On igati loomulik, et kuna meie elukorraldus on kiiresti muutumas \u00fcha rohkem tehnoloogiakeskseks ning meie keskkonnateadlikkus suureneb, hakkame me ka kiiresti liikuma rohelisema&#8230;<\/p>\n","protected":false},"author":1,"featured_media":0,"comment_status":"closed","ping_status":"closed","sticky":false,"template":"","format":"standard","meta":{"footnotes":""},"categories":[1],"tags":[],"class_list":["post-513","post","type-post","status-publish","format-standard","hentry","category-maaratlemata"],"yoast_head":"<!-- This site is optimized with the Yoast SEO plugin v28.3 - https:\/\/yoast.com\/product\/yoast-seo-wordpress\/ -->\n<title>S\u00f5it Rohelisse Tulevikku: Smart EQ ForTwo - Elektriauto.ee Blog<\/title>\n<meta name=\"robots\" content=\"index, follow, max-snippet:-1, max-image-preview:large, max-video-preview:-1\" \/>\n<link rel=\"canonical\" href=\"https:\/\/elektriauto.ee\/blogi\/soit-rohelisse-tulevikku-smart-eq-fortwo\/\" \/>\n<meta property=\"og:locale\" content=\"et_EE\" \/>\n<meta property=\"og:type\" content=\"article\" \/>\n<meta property=\"og:title\" content=\"S\u00f5it Rohelisse Tulevikku: Smart EQ ForTwo - Elektriauto.ee Blog\" \/>\n<meta property=\"og:description\" content=\"Sissejuhatus On igati loomulik, et kuna meie elukorraldus on kiiresti muutumas \u00fcha rohkem tehnoloogiakeskseks ning meie keskkonnateadlikkus suureneb, hakkame me ka kiiresti liikuma rohelisema...\" \/>\n<meta property=\"og:url\" content=\"https:\/\/elektriauto.ee\/blogi\/soit-rohelisse-tulevikku-smart-eq-fortwo\/\" \/>\n<meta property=\"og:site_name\" content=\"Elektriauto.ee Blog\" \/>\n<meta property=\"article:published_time\" content=\"2024-11-04T15:33:21+00:00\" \/>\n<meta name=\"author\" content=\"gunther\" \/>\n<meta name=\"twitter:card\" content=\"summary_large_image\" \/>\n<meta name=\"twitter:label1\" content=\"Kirjutanud\" \/>\n\t<meta name=\"twitter:data1\" content=\"gunther\" \/>\n\t<meta name=\"twitter:label2\" content=\"Eeldatav lugemisaeg\" \/>\n\t<meta name=\"twitter:data2\" content=\"1 minut\" \/>\n<script type=\"application\/ld+json\" class=\"yoast-schema-graph\">{\"@context\":\"https:\\\/\\\/schema.org\",\"@graph\":[{\"@type\":\"Article\",\"@id\":\"https:\\\/\\\/elektriauto.ee\\\/blogi\\\/soit-rohelisse-tulevikku-smart-eq-fortwo\\\/#article\",\"isPartOf\":{\"@id\":\"https:\\\/\\\/elektriauto.ee\\\/blogi\\\/soit-rohelisse-tulevikku-smart-eq-fortwo\\\/\"},\"author\":{\"name\":\"gunther\",\"@id\":\"https:\\\/\\\/elektriauto.ee\\\/blogi\\\/#\\\/schema\\\/person\\\/3fdeb56b2cc943f1bcc79efaea092f81\"},\"headline\":\"S\u00f5it Rohelisse Tulevikku: Smart EQ ForTwo\",\"datePublished\":\"2024-11-04T15:33:21+00:00\",\"mainEntityOfPage\":{\"@id\":\"https:\\\/\\\/elektriauto.ee\\\/blogi\\\/soit-rohelisse-tulevikku-smart-eq-fortwo\\\/\"},\"wordCount\":256,\"inLanguage\":\"et\"},{\"@type\":\"WebPage\",\"@id\":\"https:\\\/\\\/elektriauto.ee\\\/blogi\\\/soit-rohelisse-tulevikku-smart-eq-fortwo\\\/\",\"url\":\"https:\\\/\\\/elektriauto.ee\\\/blogi\\\/soit-rohelisse-tulevikku-smart-eq-fortwo\\\/\",\"name\":\"S\u00f5it Rohelisse Tulevikku: Smart EQ ForTwo - Elektriauto.ee Blog\",\"isPartOf\":{\"@id\":\"https:\\\/\\\/elektriauto.ee\\\/blogi\\\/#website\"},\"datePublished\":\"2024-11-04T15:33:21+00:00\",\"author\":{\"@id\":\"https:\\\/\\\/elektriauto.ee\\\/blogi\\\/#\\\/schema\\\/person\\\/3fdeb56b2cc943f1bcc79efaea092f81\"},\"breadcrumb\":{\"@id\":\"https:\\\/\\\/elektriauto.ee\\\/blogi\\\/soit-rohelisse-tulevikku-smart-eq-fortwo\\\/#breadcrumb\"},\"inLanguage\":\"et\",\"potentialAction\":[{\"@type\":\"ReadAction\",\"target\":[\"https:\\\/\\\/elektriauto.ee\\\/blogi\\\/soit-rohelisse-tulevikku-smart-eq-fortwo\\\/\"]}]},{\"@type\":\"BreadcrumbList\",\"@id\":\"https:\\\/\\\/elektriauto.ee\\\/blogi\\\/soit-rohelisse-tulevikku-smart-eq-fortwo\\\/#breadcrumb\",\"itemListElement\":[{\"@type\":\"ListItem\",\"position\":1,\"name\":\"Avaleht\",\"item\":\"https:\\\/\\\/elektriauto.ee\\\/blogi\\\/\"},{\"@type\":\"ListItem\",\"position\":2,\"name\":\"S\u00f5it Rohelisse Tulevikku: Smart EQ ForTwo\"}]},{\"@type\":\"WebSite\",\"@id\":\"https:\\\/\\\/elektriauto.ee\\\/blogi\\\/#website\",\"url\":\"https:\\\/\\\/elektriauto.ee\\\/blogi\\\/\",\"name\":\"Elektriauto.ee Blog\",\"description\":\"K\u00f5ik elektriautodest\",\"potentialAction\":[{\"@type\":\"SearchAction\",\"target\":{\"@type\":\"EntryPoint\",\"urlTemplate\":\"https:\\\/\\\/elektriauto.ee\\\/blogi\\\/?s={search_term_string}\"},\"query-input\":{\"@type\":\"PropertyValueSpecification\",\"valueRequired\":true,\"valueName\":\"search_term_string\"}}],\"inLanguage\":\"et\"},{\"@type\":\"Person\",\"@id\":\"https:\\\/\\\/elektriauto.ee\\\/blogi\\\/#\\\/schema\\\/person\\\/3fdeb56b2cc943f1bcc79efaea092f81\",\"name\":\"gunther\",\"image\":{\"@type\":\"ImageObject\",\"inLanguage\":\"et\",\"@id\":\"https:\\\/\\\/secure.gravatar.com\\\/avatar\\\/b00ac2cf6e68bee7996eebe28cf5b0aabe9cb3664c1c78f7c35da153c840df1b?s=96&d=mm&r=g\",\"url\":\"https:\\\/\\\/secure.gravatar.com\\\/avatar\\\/b00ac2cf6e68bee7996eebe28cf5b0aabe9cb3664c1c78f7c35da153c840df1b?s=96&d=mm&r=g\",\"contentUrl\":\"https:\\\/\\\/secure.gravatar.com\\\/avatar\\\/b00ac2cf6e68bee7996eebe28cf5b0aabe9cb3664c1c78f7c35da153c840df1b?s=96&d=mm&r=g\",\"caption\":\"gunther\"},\"sameAs\":[\"https:\\\/\\\/elektriauto.ee\\\/blogi\"],\"url\":\"https:\\\/\\\/elektriauto.ee\\\/blogi\\\/author\\\/gunther\\\/\"}]}<\/script>\n<!-- \/ Yoast SEO plugin. -->","yoast_head_json":{"title":"S\u00f5it Rohelisse Tulevikku: Smart EQ ForTwo - Elektriauto.ee Blog","robots":{"index":"index","follow":"follow","max-snippet":"max-snippet:-1","max-image-preview":"max-image-preview:large","max-video-preview":"max-video-preview:-1"},"canonical":"https:\/\/elektriauto.ee\/blogi\/soit-rohelisse-tulevikku-smart-eq-fortwo\/","og_locale":"et_EE","og_type":"article","og_title":"S\u00f5it Rohelisse Tulevikku: Smart EQ ForTwo - Elektriauto.ee Blog","og_description":"Sissejuhatus On igati loomulik, et kuna meie elukorraldus on kiiresti muutumas \u00fcha rohkem tehnoloogiakeskseks ning meie keskkonnateadlikkus suureneb, hakkame me ka kiiresti liikuma rohelisema...","og_url":"https:\/\/elektriauto.ee\/blogi\/soit-rohelisse-tulevikku-smart-eq-fortwo\/","og_site_name":"Elektriauto.ee Blog","article_published_time":"2024-11-04T15:33:21+00:00","author":"gunther","twitter_card":"summary_large_image","twitter_misc":{"Kirjutanud":"gunther","Eeldatav lugemisaeg":"1 minut"},"schema":{"@context":"https:\/\/schema.org","@graph":[{"@type":"Article","@id":"https:\/\/elektriauto.ee\/blogi\/soit-rohelisse-tulevikku-smart-eq-fortwo\/#article","isPartOf":{"@id":"https:\/\/elektriauto.ee\/blogi\/soit-rohelisse-tulevikku-smart-eq-fortwo\/"},"author":{"name":"gunther","@id":"https:\/\/elektriauto.ee\/blogi\/#\/schema\/person\/3fdeb56b2cc943f1bcc79efaea092f81"},"headline":"S\u00f5it Rohelisse Tulevikku: Smart EQ ForTwo","datePublished":"2024-11-04T15:33:21+00:00","mainEntityOfPage":{"@id":"https:\/\/elektriauto.ee\/blogi\/soit-rohelisse-tulevikku-smart-eq-fortwo\/"},"wordCount":256,"inLanguage":"et"},{"@type":"WebPage","@id":"https:\/\/elektriauto.ee\/blogi\/soit-rohelisse-tulevikku-smart-eq-fortwo\/","url":"https:\/\/elektriauto.ee\/blogi\/soit-rohelisse-tulevikku-smart-eq-fortwo\/","name":"S\u00f5it Rohelisse Tulevikku: Smart EQ ForTwo - Elektriauto.ee Blog","isPartOf":{"@id":"https:\/\/elektriauto.ee\/blogi\/#website"},"datePublished":"2024-11-04T15:33:21+00:00","author":{"@id":"https:\/\/elektriauto.ee\/blogi\/#\/schema\/person\/3fdeb56b2cc943f1bcc79efaea092f81"},"breadcrumb":{"@id":"https:\/\/elektriauto.ee\/blogi\/soit-rohelisse-tulevikku-smart-eq-fortwo\/#breadcrumb"},"inLanguage":"et","potentialAction":[{"@type":"ReadAction","target":["https:\/\/elektriauto.ee\/blogi\/soit-rohelisse-tulevikku-smart-eq-fortwo\/"]}]},{"@type":"BreadcrumbList","@id":"https:\/\/elektriauto.ee\/blogi\/soit-rohelisse-tulevikku-smart-eq-fortwo\/#breadcrumb","itemListElement":[{"@type":"ListItem","position":1,"name":"Avaleht","item":"https:\/\/elektriauto.ee\/blogi\/"},{"@type":"ListItem","position":2,"name":"S\u00f5it Rohelisse Tulevikku: Smart EQ ForTwo"}]},{"@type":"WebSite","@id":"https:\/\/elektriauto.ee\/blogi\/#website","url":"https:\/\/elektriauto.ee\/blogi\/","name":"Elektriauto.ee Blog","description":"K\u00f5ik elektriautodest","potentialAction":[{"@type":"SearchAction","target":{"@type":"EntryPoint","urlTemplate":"https:\/\/elektriauto.ee\/blogi\/?s={search_term_string}"},"query-input":{"@type":"PropertyValueSpecification","valueRequired":true,"valueName":"search_term_string"}}],"inLanguage":"et"},{"@type":"Person","@id":"https:\/\/elektriauto.ee\/blogi\/#\/schema\/person\/3fdeb56b2cc943f1bcc79efaea092f81","name":"gunther","image":{"@type":"ImageObject","inLanguage":"et","@id":"https:\/\/secure.gravatar.com\/avatar\/b00ac2cf6e68bee7996eebe28cf5b0aabe9cb3664c1c78f7c35da153c840df1b?s=96&d=mm&r=g","url":"https:\/\/secure.gravatar.com\/avatar\/b00ac2cf6e68bee7996eebe28cf5b0aabe9cb3664c1c78f7c35da153c840df1b?s=96&d=mm&r=g","contentUrl":"https:\/\/secure.gravatar.com\/avatar\/b00ac2cf6e68bee7996eebe28cf5b0aabe9cb3664c1c78f7c35da153c840df1b?s=96&d=mm&r=g","caption":"gunther"},"sameAs":["https:\/\/elektriauto.ee\/blogi"],"url":"https:\/\/elektriauto.ee\/blogi\/author\/gunther\/"}]}},"_links":{"self":[{"href":"https:\/\/elektriauto.ee\/blogi\/wp-json\/wp\/v2\/posts\/513","targetHints":{"allow":["GET"]}}],"collection":[{"href":"https:\/\/elektriauto.ee\/blogi\/wp-json\/wp\/v2\/posts"}],"about":[{"href":"https:\/\/elektriauto.ee\/blogi\/wp-json\/wp\/v2\/types\/post"}],"author":[{"embeddable":true,"href":"https:\/\/elektriauto.ee\/blogi\/wp-json\/wp\/v2\/users\/1"}],"replies":[{"embeddable":true,"href":"https:\/\/elektriauto.ee\/blogi\/wp-json\/wp\/v2\/comments?post=513"}],"version-history":[{"count":0,"href":"https:\/\/elektriauto.ee\/blogi\/wp-json\/wp\/v2\/posts\/513\/revisions"}],"wp:attachment":[{"href":"https:\/\/elektriauto.ee\/blogi\/wp-json\/wp\/v2\/media?parent=513"}],"wp:term":[{"taxonomy":"category","embeddable":true,"href":"https:\/\/elektriauto.ee\/blogi\/wp-json\/wp\/v2\/categories?post=513"},{"taxonomy":"post_tag","embeddable":true,"href":"https:\/\/elektriauto.ee\/blogi\/wp-json\/wp\/v2\/tags?post=513"}],"curies":[{"name":"wp","href":"https:\/\/api.w.org\/{rel}","templated":true}]}}