{"id":419,"date":"2024-03-24T08:31:08","date_gmt":"2024-03-24T08:31:08","guid":{"rendered":"https:\/\/elektriauto.ee\/blogi\/?p=419"},"modified":"2024-03-24T08:31:08","modified_gmt":"2024-03-24T08:31:08","slug":"ajastu-ikoon-elektrimaailmas-tesla-model-s","status":"publish","type":"post","link":"https:\/\/elektriauto.ee\/blogi\/ajastu-ikoon-elektrimaailmas-tesla-model-s\/","title":{"rendered":"Ajastu ikoon elektrimaailmas: Tesla Model S"},"content":{"rendered":"<p>Elektriautode turul on \u00fcks nimi, mis k\u00f5lab peaaegu samaaegselt s\u00f5naga &#8220;innovatsioon&#8221; \u2013 Tesla Model S. 2012. aastal deb\u00fcteerinud sedaanimudel pole pelgalt elektriautode maailma j\u00e4\u00e4davalt muutnud, vaid on \u00fchtaegu t\u00f5estanud, et elektriauto v\u00f5ib olla v\u00f5imas, ilus ning ihaldusv\u00e4\u00e4rne. Tesla Model S ei ole lihtsalt auto, see on tehnoloogia ja disaini piiride nihutaja.<\/p>\n<p>Pikalt on Tesla Model S olnud s\u00fcnon\u00fc\u00fcm k\u00f5rgetasemelisele j\u00f5udlusele ja s\u00f5iduulatusele elektriautode seas. Aastate jooksul on selle mudeli vastupidavust ja kiirust \u00fcha enam t\u00e4iustatud. Tesla Model S Plaid versioon, mis on \u00fcks k\u00f5ige v\u00e4rskemaid uuendusi selles mudelireas, suudab saavutada 0 kuni 100 km\/h kiirenduse k\u00f5igest 2 sekundiga, t\u00f5ustes sellega \u00fcheks k\u00f5ige kiiremini kiirendavaks tootmises olevaks s\u00f5iduautoks maailmas.<\/p>\n<p>Peale rabava kiirenduse on Model S tuntud ka oma muljetavaldava s\u00f5iduulatuse poolest. S\u00f5ltuvalt akupaki versioonist on v\u00f5imalik \u00fche laadimisega l\u00e4bida kuni 652 kilomeetrit. See teeb Model S-ist suurep\u00e4rase kaaslase pikkadeks road trip&#8217;ideks ilma laadimisaja p\u00e4rast muretsemata.<\/p>\n<p>Disainilt lakooniline, ent samas futuristlik Tesla Model S n\u00e4itab Teslasid iseloomustavat minimalistlikku esteetikat. Selle autosse astudes torkab kohe silma massiivne keskekraan, mille kaudu juhitakse enamikku autoga seotud funktsioonidest ja seadistustest. Salongi kvaliteet ja mugavus on samuti l\u00e4bi aastate paranenud, p\u00fc\u00fcdes vastata ka k\u00f5ige n\u00f5udlikuma autoentusiasti ootustele.<\/p>\n<p>Lisaks s\u00f5iduemotsioonile on Model S ka tehnoloogiahuvilise unistus. Autole on iseloomulik regulaarselt uuenev tarkvara, mis toob juhtidele jooksvalt uusi funktsioone ja t\u00e4iustusi. Tesla Autopilot s\u00fcsteem liigub sammhaaval t\u00e4isautonoomse s\u00f5idu suunas, pakkudes juhile v\u00f5imalust kogeda tuleviku juhtimiskogemust juba t\u00e4na.<\/p>\n<p><strong>Kokkuv\u00f5tvalt<\/strong>, Tesla Model S pole ainult elektriauto, see on eesrindlik s\u00f5iduvahend, mis aitas m\u00e4\u00e4ratleda, mida t\u00e4nap\u00e4eva autoostjad elektris\u00f5idukilt ootavad. Olgu tegu kiiruse, stiili, tehnoloogia v\u00f5i vastupidavusega, Model S on \u00fcks olulisi tegijaid, mis innustab tuleviku mobiilsuslahendusi. Tesla Model S on kahtlemata elektriautode maailma lipulaev \u2013 auto, mis on suurem kui lihtsalt s\u00f5iduk ja mille iga detailikene j\u00e4tab mulje, nagu oleks see saadetud otse tulevikust.<\/p>\n","protected":false},"excerpt":{"rendered":"<p>Elektriautode turul on \u00fcks nimi, mis k\u00f5lab peaaegu samaaegselt s\u00f5naga &#8220;innovatsioon&#8221; \u2013 Tesla Model S. 2012. aastal deb\u00fcteerinud sedaanimudel pole pelgalt elektriautode maailma j\u00e4\u00e4davalt muutnud, vaid&#8230;<\/p>\n","protected":false},"author":1,"featured_media":0,"comment_status":"closed","ping_status":"closed","sticky":false,"template":"","format":"standard","meta":{"footnotes":""},"categories":[1],"tags":[],"class_list":["post-419","post","type-post","status-publish","format-standard","hentry","category-maaratlemata"],"yoast_head":"<!-- This site is optimized with the Yoast SEO plugin v28.3 - https:\/\/yoast.com\/product\/yoast-seo-wordpress\/ -->\n<title>Ajastu ikoon elektrimaailmas: Tesla Model S - Elektriauto.ee Blog<\/title>\n<meta name=\"robots\" content=\"index, follow, max-snippet:-1, max-image-preview:large, max-video-preview:-1\" \/>\n<link rel=\"canonical\" href=\"https:\/\/elektriauto.ee\/blogi\/ajastu-ikoon-elektrimaailmas-tesla-model-s\/\" \/>\n<meta property=\"og:locale\" content=\"et_EE\" \/>\n<meta property=\"og:type\" content=\"article\" \/>\n<meta property=\"og:title\" content=\"Ajastu ikoon elektrimaailmas: Tesla Model S - Elektriauto.ee Blog\" \/>\n<meta property=\"og:description\" content=\"Elektriautode turul on \u00fcks nimi, mis k\u00f5lab peaaegu samaaegselt s\u00f5naga &quot;innovatsioon&quot; \u2013 Tesla Model S. 2012. aastal deb\u00fcteerinud sedaanimudel pole pelgalt elektriautode maailma j\u00e4\u00e4davalt muutnud, vaid...\" \/>\n<meta property=\"og:url\" content=\"https:\/\/elektriauto.ee\/blogi\/ajastu-ikoon-elektrimaailmas-tesla-model-s\/\" \/>\n<meta property=\"og:site_name\" content=\"Elektriauto.ee Blog\" \/>\n<meta property=\"article:published_time\" content=\"2024-03-24T08:31:08+00:00\" \/>\n<meta name=\"author\" content=\"gunther\" \/>\n<meta name=\"twitter:card\" content=\"summary_large_image\" \/>\n<meta name=\"twitter:label1\" content=\"Kirjutanud\" \/>\n\t<meta name=\"twitter:data1\" content=\"gunther\" \/>\n\t<meta name=\"twitter:label2\" content=\"Eeldatav lugemisaeg\" \/>\n\t<meta name=\"twitter:data2\" content=\"2 minutit\" \/>\n<script type=\"application\/ld+json\" class=\"yoast-schema-graph\">{\"@context\":\"https:\\\/\\\/schema.org\",\"@graph\":[{\"@type\":\"Article\",\"@id\":\"https:\\\/\\\/elektriauto.ee\\\/blogi\\\/ajastu-ikoon-elektrimaailmas-tesla-model-s\\\/#article\",\"isPartOf\":{\"@id\":\"https:\\\/\\\/elektriauto.ee\\\/blogi\\\/ajastu-ikoon-elektrimaailmas-tesla-model-s\\\/\"},\"author\":{\"name\":\"gunther\",\"@id\":\"https:\\\/\\\/elektriauto.ee\\\/blogi\\\/#\\\/schema\\\/person\\\/3fdeb56b2cc943f1bcc79efaea092f81\"},\"headline\":\"Ajastu ikoon elektrimaailmas: Tesla Model S\",\"datePublished\":\"2024-03-24T08:31:08+00:00\",\"mainEntityOfPage\":{\"@id\":\"https:\\\/\\\/elektriauto.ee\\\/blogi\\\/ajastu-ikoon-elektrimaailmas-tesla-model-s\\\/\"},\"wordCount\":340,\"inLanguage\":\"et\"},{\"@type\":\"WebPage\",\"@id\":\"https:\\\/\\\/elektriauto.ee\\\/blogi\\\/ajastu-ikoon-elektrimaailmas-tesla-model-s\\\/\",\"url\":\"https:\\\/\\\/elektriauto.ee\\\/blogi\\\/ajastu-ikoon-elektrimaailmas-tesla-model-s\\\/\",\"name\":\"Ajastu ikoon elektrimaailmas: Tesla Model S - Elektriauto.ee Blog\",\"isPartOf\":{\"@id\":\"https:\\\/\\\/elektriauto.ee\\\/blogi\\\/#website\"},\"datePublished\":\"2024-03-24T08:31:08+00:00\",\"author\":{\"@id\":\"https:\\\/\\\/elektriauto.ee\\\/blogi\\\/#\\\/schema\\\/person\\\/3fdeb56b2cc943f1bcc79efaea092f81\"},\"breadcrumb\":{\"@id\":\"https:\\\/\\\/elektriauto.ee\\\/blogi\\\/ajastu-ikoon-elektrimaailmas-tesla-model-s\\\/#breadcrumb\"},\"inLanguage\":\"et\",\"potentialAction\":[{\"@type\":\"ReadAction\",\"target\":[\"https:\\\/\\\/elektriauto.ee\\\/blogi\\\/ajastu-ikoon-elektrimaailmas-tesla-model-s\\\/\"]}]},{\"@type\":\"BreadcrumbList\",\"@id\":\"https:\\\/\\\/elektriauto.ee\\\/blogi\\\/ajastu-ikoon-elektrimaailmas-tesla-model-s\\\/#breadcrumb\",\"itemListElement\":[{\"@type\":\"ListItem\",\"position\":1,\"name\":\"Avaleht\",\"item\":\"https:\\\/\\\/elektriauto.ee\\\/blogi\\\/\"},{\"@type\":\"ListItem\",\"position\":2,\"name\":\"Ajastu ikoon elektrimaailmas: Tesla Model S\"}]},{\"@type\":\"WebSite\",\"@id\":\"https:\\\/\\\/elektriauto.ee\\\/blogi\\\/#website\",\"url\":\"https:\\\/\\\/elektriauto.ee\\\/blogi\\\/\",\"name\":\"Elektriauto.ee Blog\",\"description\":\"K\u00f5ik elektriautodest\",\"potentialAction\":[{\"@type\":\"SearchAction\",\"target\":{\"@type\":\"EntryPoint\",\"urlTemplate\":\"https:\\\/\\\/elektriauto.ee\\\/blogi\\\/?s={search_term_string}\"},\"query-input\":{\"@type\":\"PropertyValueSpecification\",\"valueRequired\":true,\"valueName\":\"search_term_string\"}}],\"inLanguage\":\"et\"},{\"@type\":\"Person\",\"@id\":\"https:\\\/\\\/elektriauto.ee\\\/blogi\\\/#\\\/schema\\\/person\\\/3fdeb56b2cc943f1bcc79efaea092f81\",\"name\":\"gunther\",\"image\":{\"@type\":\"ImageObject\",\"inLanguage\":\"et\",\"@id\":\"https:\\\/\\\/secure.gravatar.com\\\/avatar\\\/b00ac2cf6e68bee7996eebe28cf5b0aabe9cb3664c1c78f7c35da153c840df1b?s=96&d=mm&r=g\",\"url\":\"https:\\\/\\\/secure.gravatar.com\\\/avatar\\\/b00ac2cf6e68bee7996eebe28cf5b0aabe9cb3664c1c78f7c35da153c840df1b?s=96&d=mm&r=g\",\"contentUrl\":\"https:\\\/\\\/secure.gravatar.com\\\/avatar\\\/b00ac2cf6e68bee7996eebe28cf5b0aabe9cb3664c1c78f7c35da153c840df1b?s=96&d=mm&r=g\",\"caption\":\"gunther\"},\"sameAs\":[\"https:\\\/\\\/elektriauto.ee\\\/blogi\"],\"url\":\"https:\\\/\\\/elektriauto.ee\\\/blogi\\\/author\\\/gunther\\\/\"}]}<\/script>\n<!-- \/ Yoast SEO plugin. -->","yoast_head_json":{"title":"Ajastu ikoon elektrimaailmas: Tesla Model S - Elektriauto.ee Blog","robots":{"index":"index","follow":"follow","max-snippet":"max-snippet:-1","max-image-preview":"max-image-preview:large","max-video-preview":"max-video-preview:-1"},"canonical":"https:\/\/elektriauto.ee\/blogi\/ajastu-ikoon-elektrimaailmas-tesla-model-s\/","og_locale":"et_EE","og_type":"article","og_title":"Ajastu ikoon elektrimaailmas: Tesla Model S - Elektriauto.ee Blog","og_description":"Elektriautode turul on \u00fcks nimi, mis k\u00f5lab peaaegu samaaegselt s\u00f5naga \"innovatsioon\" \u2013 Tesla Model S. 2012. aastal deb\u00fcteerinud sedaanimudel pole pelgalt elektriautode maailma j\u00e4\u00e4davalt muutnud, vaid...","og_url":"https:\/\/elektriauto.ee\/blogi\/ajastu-ikoon-elektrimaailmas-tesla-model-s\/","og_site_name":"Elektriauto.ee Blog","article_published_time":"2024-03-24T08:31:08+00:00","author":"gunther","twitter_card":"summary_large_image","twitter_misc":{"Kirjutanud":"gunther","Eeldatav lugemisaeg":"2 minutit"},"schema":{"@context":"https:\/\/schema.org","@graph":[{"@type":"Article","@id":"https:\/\/elektriauto.ee\/blogi\/ajastu-ikoon-elektrimaailmas-tesla-model-s\/#article","isPartOf":{"@id":"https:\/\/elektriauto.ee\/blogi\/ajastu-ikoon-elektrimaailmas-tesla-model-s\/"},"author":{"name":"gunther","@id":"https:\/\/elektriauto.ee\/blogi\/#\/schema\/person\/3fdeb56b2cc943f1bcc79efaea092f81"},"headline":"Ajastu ikoon elektrimaailmas: Tesla Model S","datePublished":"2024-03-24T08:31:08+00:00","mainEntityOfPage":{"@id":"https:\/\/elektriauto.ee\/blogi\/ajastu-ikoon-elektrimaailmas-tesla-model-s\/"},"wordCount":340,"inLanguage":"et"},{"@type":"WebPage","@id":"https:\/\/elektriauto.ee\/blogi\/ajastu-ikoon-elektrimaailmas-tesla-model-s\/","url":"https:\/\/elektriauto.ee\/blogi\/ajastu-ikoon-elektrimaailmas-tesla-model-s\/","name":"Ajastu ikoon elektrimaailmas: Tesla Model S - Elektriauto.ee Blog","isPartOf":{"@id":"https:\/\/elektriauto.ee\/blogi\/#website"},"datePublished":"2024-03-24T08:31:08+00:00","author":{"@id":"https:\/\/elektriauto.ee\/blogi\/#\/schema\/person\/3fdeb56b2cc943f1bcc79efaea092f81"},"breadcrumb":{"@id":"https:\/\/elektriauto.ee\/blogi\/ajastu-ikoon-elektrimaailmas-tesla-model-s\/#breadcrumb"},"inLanguage":"et","potentialAction":[{"@type":"ReadAction","target":["https:\/\/elektriauto.ee\/blogi\/ajastu-ikoon-elektrimaailmas-tesla-model-s\/"]}]},{"@type":"BreadcrumbList","@id":"https:\/\/elektriauto.ee\/blogi\/ajastu-ikoon-elektrimaailmas-tesla-model-s\/#breadcrumb","itemListElement":[{"@type":"ListItem","position":1,"name":"Avaleht","item":"https:\/\/elektriauto.ee\/blogi\/"},{"@type":"ListItem","position":2,"name":"Ajastu ikoon elektrimaailmas: Tesla Model S"}]},{"@type":"WebSite","@id":"https:\/\/elektriauto.ee\/blogi\/#website","url":"https:\/\/elektriauto.ee\/blogi\/","name":"Elektriauto.ee Blog","description":"K\u00f5ik elektriautodest","potentialAction":[{"@type":"SearchAction","target":{"@type":"EntryPoint","urlTemplate":"https:\/\/elektriauto.ee\/blogi\/?s={search_term_string}"},"query-input":{"@type":"PropertyValueSpecification","valueRequired":true,"valueName":"search_term_string"}}],"inLanguage":"et"},{"@type":"Person","@id":"https:\/\/elektriauto.ee\/blogi\/#\/schema\/person\/3fdeb56b2cc943f1bcc79efaea092f81","name":"gunther","image":{"@type":"ImageObject","inLanguage":"et","@id":"https:\/\/secure.gravatar.com\/avatar\/b00ac2cf6e68bee7996eebe28cf5b0aabe9cb3664c1c78f7c35da153c840df1b?s=96&d=mm&r=g","url":"https:\/\/secure.gravatar.com\/avatar\/b00ac2cf6e68bee7996eebe28cf5b0aabe9cb3664c1c78f7c35da153c840df1b?s=96&d=mm&r=g","contentUrl":"https:\/\/secure.gravatar.com\/avatar\/b00ac2cf6e68bee7996eebe28cf5b0aabe9cb3664c1c78f7c35da153c840df1b?s=96&d=mm&r=g","caption":"gunther"},"sameAs":["https:\/\/elektriauto.ee\/blogi"],"url":"https:\/\/elektriauto.ee\/blogi\/author\/gunther\/"}]}},"_links":{"self":[{"href":"https:\/\/elektriauto.ee\/blogi\/wp-json\/wp\/v2\/posts\/419","targetHints":{"allow":["GET"]}}],"collection":[{"href":"https:\/\/elektriauto.ee\/blogi\/wp-json\/wp\/v2\/posts"}],"about":[{"href":"https:\/\/elektriauto.ee\/blogi\/wp-json\/wp\/v2\/types\/post"}],"author":[{"embeddable":true,"href":"https:\/\/elektriauto.ee\/blogi\/wp-json\/wp\/v2\/users\/1"}],"replies":[{"embeddable":true,"href":"https:\/\/elektriauto.ee\/blogi\/wp-json\/wp\/v2\/comments?post=419"}],"version-history":[{"count":0,"href":"https:\/\/elektriauto.ee\/blogi\/wp-json\/wp\/v2\/posts\/419\/revisions"}],"wp:attachment":[{"href":"https:\/\/elektriauto.ee\/blogi\/wp-json\/wp\/v2\/media?parent=419"}],"wp:term":[{"taxonomy":"category","embeddable":true,"href":"https:\/\/elektriauto.ee\/blogi\/wp-json\/wp\/v2\/categories?post=419"},{"taxonomy":"post_tag","embeddable":true,"href":"https:\/\/elektriauto.ee\/blogi\/wp-json\/wp\/v2\/tags?post=419"}],"curies":[{"name":"wp","href":"https:\/\/api.w.org\/{rel}","templated":true}]}}