{"id":393,"date":"2024-03-12T00:20:35","date_gmt":"2024-03-12T00:20:35","guid":{"rendered":"https:\/\/elektriauto.ee\/blogi\/?p=393"},"modified":"2024-03-12T00:20:35","modified_gmt":"2024-03-12T00:20:35","slug":"elektrijoul-elegantselt-mercedes-benz-eqa","status":"publish","type":"post","link":"https:\/\/elektriauto.ee\/blogi\/elektrijoul-elegantselt-mercedes-benz-eqa\/","title":{"rendered":"Elektrij\u00f5ul Elegantselt \u2013 Mercedes-Benz EQA"},"content":{"rendered":"<p>Elektriautode maailmas toimub pidev areng ja \u00fcha rohkem tootjaid panustab akutoitel s\u00f5idukitele. Kui soov on s\u00f5ita elektriliselt, kuid mitte loobuda luksuslikust s\u00f5idukogemusest, tasub pilk peatada Mercedes-Benzi elektriautode portfellil. Erilise t\u00e4helepanu all on Mercedes-Benz EQA, mis on saksa autotootja vastus n\u00f5udlikule elektris\u00f5idukite turule.<\/p>\n<h2>Sissejuhatus<\/h2>\n<p>Mercedes-Benz EQA on kompaktne linnamaastur, mis sobib ideaalselt neile, kes otsivad keskkonnas\u00f5bralikku s\u00f5iduvahendit, ent ei ole n\u00f5us kokkuleppima mugavuse ja kvaliteedi osas. Selle mudeli esitlus annab edasi s\u00f5numit, et elektriline s\u00f5itmine v\u00f5ib olla sama luksuslik kui bensiinimootorite maailmas.<\/p>\n<h2>Tekst<\/h2>\n<p>EQA v\u00e4ljapaistvaks omaduseks on selle eristuv disain, mis j\u00e4rgib Mercedes-Benzi elektriline arhitektuur. Selle autoga j\u00e4\u00e4d t\u00e4naval silma t\u00e4nu s\u00e4ravale &#8220;Black Panel&#8221; esiv\u00f5rele ja sinakas valgustusele, mis annab autole futuristliku ilme.<\/p>\n<p>Mugavusest r\u00e4\u00e4kides pakub EQA peenelt viimistletud salongi, mis on t\u00e4is k\u00f5rgtehnoloogilisi lahendusi. Muidugi ei puudu ka Mercedes-Benzi signatuuriandmed, nagu ARTICO man-made nahaga polster ja kvaliteetsed viimistlusmaterjalid. Tehnoloogiliselt on s\u00f5iduki tipphetkedeks MBUX infolustis\u00fcsteem, mis reageerib h\u00e4\u00e4lk\u00e4sklustele, ja intuitiivne puutetundlik ekraan.<\/p>\n<p>EQA elektrimootor pakub s\u00f5idur\u00f5\u00f5mu, olles v\u00f5imeline saavutama 0-100 km\/h kiirenduse alla 9 sekundi. T\u00e4islaengu v\u00f5imsusega aku v\u00f5imaldab s\u00f5ita kuni 426 kilomeetrit (WLTP), mis on muljetavaldav ja tagab, et igap\u00e4evased s\u00f5idud toimuvad murevabalt.<\/p>\n<p>Ohutus on EQA puhul samuti au sees. Aktiivsed ja passiivsed turvas\u00fcsteemid, nagu kokkup\u00f5rke ennetuss\u00fcsteem, jalak\u00e4ijate tuvastamine ja s\u00f5iduraja hoidmise abis\u00fcsteem, aitavad tagada ohutu s\u00f5idukogemuse.<\/p>\n<h2>Kokkuv\u00f5te<\/h2>\n<p>Kokkuv\u00f5ttes on Mercedes-Benz EQA t\u00f5estus sellest, et elektriline s\u00f5itmine ja luksuslikkus ei v\u00e4lista teineteist. See on s\u00f5iduk neile, kes otsivad keskkonnas\u00f5bralikke lahendusi, kuid ei soovi j\u00e4rele anda kvaliteedi v\u00f5i s\u00f5idum\u00f5nu osas. EQA \u00fchendab endas kompaktse linnamaasturi praktilisuse ja Mercedes-Benzi poolt pakutava luksuse, muutes selle ahvatlevaks valikuks elektriauto turul. Olgu sinu teekond linnat\u00e4navatel v\u00f5i maapiirkonnas, EQA viib sind kohale stiilselt, mugavalt ja ennek\u00f5ike \u2013 elektriliselt.<\/p>\n","protected":false},"excerpt":{"rendered":"<p>Elektriautode maailmas toimub pidev areng ja \u00fcha rohkem tootjaid panustab akutoitel s\u00f5idukitele. Kui soov on s\u00f5ita elektriliselt, kuid mitte loobuda luksuslikust s\u00f5idukogemusest, tasub pilk peatada&#8230;<\/p>\n","protected":false},"author":1,"featured_media":0,"comment_status":"closed","ping_status":"closed","sticky":false,"template":"","format":"standard","meta":{"footnotes":""},"categories":[1],"tags":[],"class_list":["post-393","post","type-post","status-publish","format-standard","hentry","category-maaratlemata"],"yoast_head":"<!-- This site is optimized with the Yoast SEO plugin v28.3 - https:\/\/yoast.com\/product\/yoast-seo-wordpress\/ -->\n<title>Elektrij\u00f5ul Elegantselt \u2013 Mercedes-Benz EQA - Elektriauto.ee Blog<\/title>\n<meta name=\"robots\" content=\"index, follow, max-snippet:-1, max-image-preview:large, max-video-preview:-1\" \/>\n<link rel=\"canonical\" href=\"https:\/\/elektriauto.ee\/blogi\/elektrijoul-elegantselt-mercedes-benz-eqa\/\" \/>\n<meta property=\"og:locale\" content=\"et_EE\" \/>\n<meta property=\"og:type\" content=\"article\" \/>\n<meta property=\"og:title\" content=\"Elektrij\u00f5ul Elegantselt \u2013 Mercedes-Benz EQA - Elektriauto.ee Blog\" \/>\n<meta property=\"og:description\" content=\"Elektriautode maailmas toimub pidev areng ja \u00fcha rohkem tootjaid panustab akutoitel s\u00f5idukitele. Kui soov on s\u00f5ita elektriliselt, kuid mitte loobuda luksuslikust s\u00f5idukogemusest, tasub pilk peatada...\" \/>\n<meta property=\"og:url\" content=\"https:\/\/elektriauto.ee\/blogi\/elektrijoul-elegantselt-mercedes-benz-eqa\/\" \/>\n<meta property=\"og:site_name\" content=\"Elektriauto.ee Blog\" \/>\n<meta property=\"article:published_time\" content=\"2024-03-12T00:20:35+00:00\" \/>\n<meta name=\"author\" content=\"gunther\" \/>\n<meta name=\"twitter:card\" content=\"summary_large_image\" \/>\n<meta name=\"twitter:label1\" content=\"Kirjutanud\" \/>\n\t<meta name=\"twitter:data1\" content=\"gunther\" \/>\n\t<meta name=\"twitter:label2\" content=\"Eeldatav lugemisaeg\" \/>\n\t<meta name=\"twitter:data2\" content=\"2 minutit\" \/>\n<script type=\"application\/ld+json\" class=\"yoast-schema-graph\">{\"@context\":\"https:\\\/\\\/schema.org\",\"@graph\":[{\"@type\":\"Article\",\"@id\":\"https:\\\/\\\/elektriauto.ee\\\/blogi\\\/elektrijoul-elegantselt-mercedes-benz-eqa\\\/#article\",\"isPartOf\":{\"@id\":\"https:\\\/\\\/elektriauto.ee\\\/blogi\\\/elektrijoul-elegantselt-mercedes-benz-eqa\\\/\"},\"author\":{\"name\":\"gunther\",\"@id\":\"https:\\\/\\\/elektriauto.ee\\\/blogi\\\/#\\\/schema\\\/person\\\/3fdeb56b2cc943f1bcc79efaea092f81\"},\"headline\":\"Elektrij\u00f5ul Elegantselt \u2013 Mercedes-Benz EQA\",\"datePublished\":\"2024-03-12T00:20:35+00:00\",\"mainEntityOfPage\":{\"@id\":\"https:\\\/\\\/elektriauto.ee\\\/blogi\\\/elektrijoul-elegantselt-mercedes-benz-eqa\\\/\"},\"wordCount\":331,\"inLanguage\":\"et\"},{\"@type\":\"WebPage\",\"@id\":\"https:\\\/\\\/elektriauto.ee\\\/blogi\\\/elektrijoul-elegantselt-mercedes-benz-eqa\\\/\",\"url\":\"https:\\\/\\\/elektriauto.ee\\\/blogi\\\/elektrijoul-elegantselt-mercedes-benz-eqa\\\/\",\"name\":\"Elektrij\u00f5ul Elegantselt \u2013 Mercedes-Benz EQA - Elektriauto.ee Blog\",\"isPartOf\":{\"@id\":\"https:\\\/\\\/elektriauto.ee\\\/blogi\\\/#website\"},\"datePublished\":\"2024-03-12T00:20:35+00:00\",\"author\":{\"@id\":\"https:\\\/\\\/elektriauto.ee\\\/blogi\\\/#\\\/schema\\\/person\\\/3fdeb56b2cc943f1bcc79efaea092f81\"},\"breadcrumb\":{\"@id\":\"https:\\\/\\\/elektriauto.ee\\\/blogi\\\/elektrijoul-elegantselt-mercedes-benz-eqa\\\/#breadcrumb\"},\"inLanguage\":\"et\",\"potentialAction\":[{\"@type\":\"ReadAction\",\"target\":[\"https:\\\/\\\/elektriauto.ee\\\/blogi\\\/elektrijoul-elegantselt-mercedes-benz-eqa\\\/\"]}]},{\"@type\":\"BreadcrumbList\",\"@id\":\"https:\\\/\\\/elektriauto.ee\\\/blogi\\\/elektrijoul-elegantselt-mercedes-benz-eqa\\\/#breadcrumb\",\"itemListElement\":[{\"@type\":\"ListItem\",\"position\":1,\"name\":\"Avaleht\",\"item\":\"https:\\\/\\\/elektriauto.ee\\\/blogi\\\/\"},{\"@type\":\"ListItem\",\"position\":2,\"name\":\"Elektrij\u00f5ul Elegantselt \u2013 Mercedes-Benz EQA\"}]},{\"@type\":\"WebSite\",\"@id\":\"https:\\\/\\\/elektriauto.ee\\\/blogi\\\/#website\",\"url\":\"https:\\\/\\\/elektriauto.ee\\\/blogi\\\/\",\"name\":\"Elektriauto.ee Blog\",\"description\":\"K\u00f5ik elektriautodest\",\"potentialAction\":[{\"@type\":\"SearchAction\",\"target\":{\"@type\":\"EntryPoint\",\"urlTemplate\":\"https:\\\/\\\/elektriauto.ee\\\/blogi\\\/?s={search_term_string}\"},\"query-input\":{\"@type\":\"PropertyValueSpecification\",\"valueRequired\":true,\"valueName\":\"search_term_string\"}}],\"inLanguage\":\"et\"},{\"@type\":\"Person\",\"@id\":\"https:\\\/\\\/elektriauto.ee\\\/blogi\\\/#\\\/schema\\\/person\\\/3fdeb56b2cc943f1bcc79efaea092f81\",\"name\":\"gunther\",\"image\":{\"@type\":\"ImageObject\",\"inLanguage\":\"et\",\"@id\":\"https:\\\/\\\/secure.gravatar.com\\\/avatar\\\/b00ac2cf6e68bee7996eebe28cf5b0aabe9cb3664c1c78f7c35da153c840df1b?s=96&d=mm&r=g\",\"url\":\"https:\\\/\\\/secure.gravatar.com\\\/avatar\\\/b00ac2cf6e68bee7996eebe28cf5b0aabe9cb3664c1c78f7c35da153c840df1b?s=96&d=mm&r=g\",\"contentUrl\":\"https:\\\/\\\/secure.gravatar.com\\\/avatar\\\/b00ac2cf6e68bee7996eebe28cf5b0aabe9cb3664c1c78f7c35da153c840df1b?s=96&d=mm&r=g\",\"caption\":\"gunther\"},\"sameAs\":[\"https:\\\/\\\/elektriauto.ee\\\/blogi\"],\"url\":\"https:\\\/\\\/elektriauto.ee\\\/blogi\\\/author\\\/gunther\\\/\"}]}<\/script>\n<!-- \/ Yoast SEO plugin. -->","yoast_head_json":{"title":"Elektrij\u00f5ul Elegantselt \u2013 Mercedes-Benz EQA - Elektriauto.ee Blog","robots":{"index":"index","follow":"follow","max-snippet":"max-snippet:-1","max-image-preview":"max-image-preview:large","max-video-preview":"max-video-preview:-1"},"canonical":"https:\/\/elektriauto.ee\/blogi\/elektrijoul-elegantselt-mercedes-benz-eqa\/","og_locale":"et_EE","og_type":"article","og_title":"Elektrij\u00f5ul Elegantselt \u2013 Mercedes-Benz EQA - Elektriauto.ee Blog","og_description":"Elektriautode maailmas toimub pidev areng ja \u00fcha rohkem tootjaid panustab akutoitel s\u00f5idukitele. Kui soov on s\u00f5ita elektriliselt, kuid mitte loobuda luksuslikust s\u00f5idukogemusest, tasub pilk peatada...","og_url":"https:\/\/elektriauto.ee\/blogi\/elektrijoul-elegantselt-mercedes-benz-eqa\/","og_site_name":"Elektriauto.ee Blog","article_published_time":"2024-03-12T00:20:35+00:00","author":"gunther","twitter_card":"summary_large_image","twitter_misc":{"Kirjutanud":"gunther","Eeldatav lugemisaeg":"2 minutit"},"schema":{"@context":"https:\/\/schema.org","@graph":[{"@type":"Article","@id":"https:\/\/elektriauto.ee\/blogi\/elektrijoul-elegantselt-mercedes-benz-eqa\/#article","isPartOf":{"@id":"https:\/\/elektriauto.ee\/blogi\/elektrijoul-elegantselt-mercedes-benz-eqa\/"},"author":{"name":"gunther","@id":"https:\/\/elektriauto.ee\/blogi\/#\/schema\/person\/3fdeb56b2cc943f1bcc79efaea092f81"},"headline":"Elektrij\u00f5ul Elegantselt \u2013 Mercedes-Benz EQA","datePublished":"2024-03-12T00:20:35+00:00","mainEntityOfPage":{"@id":"https:\/\/elektriauto.ee\/blogi\/elektrijoul-elegantselt-mercedes-benz-eqa\/"},"wordCount":331,"inLanguage":"et"},{"@type":"WebPage","@id":"https:\/\/elektriauto.ee\/blogi\/elektrijoul-elegantselt-mercedes-benz-eqa\/","url":"https:\/\/elektriauto.ee\/blogi\/elektrijoul-elegantselt-mercedes-benz-eqa\/","name":"Elektrij\u00f5ul Elegantselt \u2013 Mercedes-Benz EQA - Elektriauto.ee Blog","isPartOf":{"@id":"https:\/\/elektriauto.ee\/blogi\/#website"},"datePublished":"2024-03-12T00:20:35+00:00","author":{"@id":"https:\/\/elektriauto.ee\/blogi\/#\/schema\/person\/3fdeb56b2cc943f1bcc79efaea092f81"},"breadcrumb":{"@id":"https:\/\/elektriauto.ee\/blogi\/elektrijoul-elegantselt-mercedes-benz-eqa\/#breadcrumb"},"inLanguage":"et","potentialAction":[{"@type":"ReadAction","target":["https:\/\/elektriauto.ee\/blogi\/elektrijoul-elegantselt-mercedes-benz-eqa\/"]}]},{"@type":"BreadcrumbList","@id":"https:\/\/elektriauto.ee\/blogi\/elektrijoul-elegantselt-mercedes-benz-eqa\/#breadcrumb","itemListElement":[{"@type":"ListItem","position":1,"name":"Avaleht","item":"https:\/\/elektriauto.ee\/blogi\/"},{"@type":"ListItem","position":2,"name":"Elektrij\u00f5ul Elegantselt \u2013 Mercedes-Benz EQA"}]},{"@type":"WebSite","@id":"https:\/\/elektriauto.ee\/blogi\/#website","url":"https:\/\/elektriauto.ee\/blogi\/","name":"Elektriauto.ee Blog","description":"K\u00f5ik elektriautodest","potentialAction":[{"@type":"SearchAction","target":{"@type":"EntryPoint","urlTemplate":"https:\/\/elektriauto.ee\/blogi\/?s={search_term_string}"},"query-input":{"@type":"PropertyValueSpecification","valueRequired":true,"valueName":"search_term_string"}}],"inLanguage":"et"},{"@type":"Person","@id":"https:\/\/elektriauto.ee\/blogi\/#\/schema\/person\/3fdeb56b2cc943f1bcc79efaea092f81","name":"gunther","image":{"@type":"ImageObject","inLanguage":"et","@id":"https:\/\/secure.gravatar.com\/avatar\/b00ac2cf6e68bee7996eebe28cf5b0aabe9cb3664c1c78f7c35da153c840df1b?s=96&d=mm&r=g","url":"https:\/\/secure.gravatar.com\/avatar\/b00ac2cf6e68bee7996eebe28cf5b0aabe9cb3664c1c78f7c35da153c840df1b?s=96&d=mm&r=g","contentUrl":"https:\/\/secure.gravatar.com\/avatar\/b00ac2cf6e68bee7996eebe28cf5b0aabe9cb3664c1c78f7c35da153c840df1b?s=96&d=mm&r=g","caption":"gunther"},"sameAs":["https:\/\/elektriauto.ee\/blogi"],"url":"https:\/\/elektriauto.ee\/blogi\/author\/gunther\/"}]}},"_links":{"self":[{"href":"https:\/\/elektriauto.ee\/blogi\/wp-json\/wp\/v2\/posts\/393","targetHints":{"allow":["GET"]}}],"collection":[{"href":"https:\/\/elektriauto.ee\/blogi\/wp-json\/wp\/v2\/posts"}],"about":[{"href":"https:\/\/elektriauto.ee\/blogi\/wp-json\/wp\/v2\/types\/post"}],"author":[{"embeddable":true,"href":"https:\/\/elektriauto.ee\/blogi\/wp-json\/wp\/v2\/users\/1"}],"replies":[{"embeddable":true,"href":"https:\/\/elektriauto.ee\/blogi\/wp-json\/wp\/v2\/comments?post=393"}],"version-history":[{"count":0,"href":"https:\/\/elektriauto.ee\/blogi\/wp-json\/wp\/v2\/posts\/393\/revisions"}],"wp:attachment":[{"href":"https:\/\/elektriauto.ee\/blogi\/wp-json\/wp\/v2\/media?parent=393"}],"wp:term":[{"taxonomy":"category","embeddable":true,"href":"https:\/\/elektriauto.ee\/blogi\/wp-json\/wp\/v2\/categories?post=393"},{"taxonomy":"post_tag","embeddable":true,"href":"https:\/\/elektriauto.ee\/blogi\/wp-json\/wp\/v2\/tags?post=393"}],"curies":[{"name":"wp","href":"https:\/\/api.w.org\/{rel}","templated":true}]}}