{"id":391,"date":"2024-03-10T10:21:51","date_gmt":"2024-03-10T10:21:51","guid":{"rendered":"https:\/\/elektriauto.ee\/blogi\/?p=391"},"modified":"2024-03-10T10:21:51","modified_gmt":"2024-03-10T10:21:51","slug":"sartsakas-ja-stiilne-mini-cooper-se-electric","status":"publish","type":"post","link":"https:\/\/elektriauto.ee\/blogi\/sartsakas-ja-stiilne-mini-cooper-se-electric\/","title":{"rendered":"S\u00e4rtsakas ja Stiilne: MINI Cooper SE Electric"},"content":{"rendered":"<p>Elektriautode turg on viimastel aastatel kiiresti arenenud ja tootjad on toonud turule mitmesuguseid s\u00f5idukeid, mis vastavad erinevatele kasutajate vajadustele. \u00dcks silmapaistvamaid mudeleid selles segmendis on MINI Cooper SE Electric, mis \u00fchendab endas MINI klassikalise disaini ning kaasaegse elektris\u00f5iduki tehnoloogia.<\/p>\n<h2>MINI Cooper SE Electric &#8211; V\u00e4limus Mis Peegeldab P\u00e4randit<\/h2>\n<p>MINI identiteet on alati seisnenud tema ainulaadses ja ajatus disainis ning Cooper SE Electric ei ole erand. Ka v\u00e4limuselt j\u00e4\u00e4b auto truuks MINI p\u00e4randile, lisades samas moodsaid aktsente nagu eristuvad kollased elemendid, mis vihjavad elektrilisele j\u00f5uallikale. S\u00e4ilitatud on ka kompaktne kuju, mis teeb sellest linnaautos\u00f5iduks ideaalse kaaslase.<\/p>\n<h2>Paistab Silma Nii Linnas Kui Maanteel<\/h2>\n<p>Selge, et v\u00e4limus on vaid osa loost. MINI Cooper SE Electric on varustatud uuendusliku aku ja elektrimootoriga, mis v\u00f5imaldab s\u00f5ita kuni 234 kilomeetrit \u00fche laadimisega (WLTP). Ehkki s\u00f5iduulatust v\u00f5ib pidada tagasihoidlikuks v\u00f5rreldes m\u00f5ne konkurendiga, tagab auto 135 kW (184 hj) elektrimootor, et d\u00fcnaamika ja kiirendus on tippklassist \u2013 0 kuni 100 km\/h j\u00f5uab MINI vaid 7,3 sekundiga.<\/p>\n<h2>Efektiivsus Ja Mugavus \u00dches Paketis<\/h2>\n<p>Cooper SE Electric ei ole mitte ainult l\u00f5bus s\u00f5iduk, vaid ka v\u00e4ga \u00f6konoomne. Elektriautod on teatavasti s\u00e4\u00e4stlikumad oma bensiini- v\u00f5i diiselmootoriga vastastega v\u00f5rreldes, ja MINI ei ole erand, pakkudes madalaid \u00fclalpidamiskulusid. Salong on varustatud k\u00f5igi modernsete mugavustega, nagu digitaalne n\u00e4idikutepaneel, keskkonsooli puutetundlik ekraan ja ohtralt s\u00f5iduabi s\u00fcsteeme, mis tagavad ohutu ja nauditava s\u00f5iduelamuse.<\/p>\n<h2>Kokkuv\u00f5te: Elektriline MINI &#8211; Uus Lehek\u00fclg Kultusauto Ajaloos<\/h2>\n<p>MINI Cooper SE Electric n\u00e4itab, et nostalgiline disain ja futuristlik tehnoloogia v\u00f5ivad k\u00e4ia k\u00e4sik\u00e4es, pakkudes s\u00f5idunautimist ilma s\u00fcsinikujalaj\u00e4ljeta. See on ideaalne valik linnas\u00f5iduks ja l\u00fchemateks reisideks, ning eriti sobilik neile, kes soovivad seista silmitsi tuleviku v\u00e4ljakutsetega s\u00e4ilitades samas klassikalise stiili. Ehkki s\u00f5iduulatus v\u00f5ib olla piiranguks pikemate reiside puhul, kompenseerib MINI selle puuduse rohkete isiksust r\u00f5hutavate omaduste ja l\u00f5busa s\u00f5idukogemusega.<\/p>\n","protected":false},"excerpt":{"rendered":"<p>Elektriautode turg on viimastel aastatel kiiresti arenenud ja tootjad on toonud turule mitmesuguseid s\u00f5idukeid, mis vastavad erinevatele kasutajate vajadustele. \u00dcks silmapaistvamaid mudeleid selles&#8230;<\/p>\n","protected":false},"author":1,"featured_media":0,"comment_status":"closed","ping_status":"closed","sticky":false,"template":"","format":"standard","meta":{"footnotes":""},"categories":[1],"tags":[],"class_list":["post-391","post","type-post","status-publish","format-standard","hentry","category-maaratlemata"],"yoast_head":"<!-- This site is optimized with the Yoast SEO plugin v28.3 - https:\/\/yoast.com\/product\/yoast-seo-wordpress\/ -->\n<title>S\u00e4rtsakas ja Stiilne: MINI Cooper SE Electric - Elektriauto.ee Blog<\/title>\n<meta name=\"robots\" content=\"index, follow, max-snippet:-1, max-image-preview:large, max-video-preview:-1\" \/>\n<link rel=\"canonical\" href=\"https:\/\/elektriauto.ee\/blogi\/sartsakas-ja-stiilne-mini-cooper-se-electric\/\" \/>\n<meta property=\"og:locale\" content=\"et_EE\" \/>\n<meta property=\"og:type\" content=\"article\" \/>\n<meta property=\"og:title\" content=\"S\u00e4rtsakas ja Stiilne: MINI Cooper SE Electric - Elektriauto.ee Blog\" \/>\n<meta property=\"og:description\" content=\"Elektriautode turg on viimastel aastatel kiiresti arenenud ja tootjad on toonud turule mitmesuguseid s\u00f5idukeid, mis vastavad erinevatele kasutajate vajadustele. \u00dcks silmapaistvamaid mudeleid selles...\" \/>\n<meta property=\"og:url\" content=\"https:\/\/elektriauto.ee\/blogi\/sartsakas-ja-stiilne-mini-cooper-se-electric\/\" \/>\n<meta property=\"og:site_name\" content=\"Elektriauto.ee Blog\" \/>\n<meta property=\"article:published_time\" content=\"2024-03-10T10:21:51+00:00\" \/>\n<meta name=\"author\" content=\"gunther\" \/>\n<meta name=\"twitter:card\" content=\"summary_large_image\" \/>\n<meta name=\"twitter:label1\" content=\"Kirjutanud\" \/>\n\t<meta name=\"twitter:data1\" content=\"gunther\" \/>\n\t<meta name=\"twitter:label2\" content=\"Eeldatav lugemisaeg\" \/>\n\t<meta name=\"twitter:data2\" content=\"2 minutit\" \/>\n<script type=\"application\/ld+json\" class=\"yoast-schema-graph\">{\"@context\":\"https:\\\/\\\/schema.org\",\"@graph\":[{\"@type\":\"Article\",\"@id\":\"https:\\\/\\\/elektriauto.ee\\\/blogi\\\/sartsakas-ja-stiilne-mini-cooper-se-electric\\\/#article\",\"isPartOf\":{\"@id\":\"https:\\\/\\\/elektriauto.ee\\\/blogi\\\/sartsakas-ja-stiilne-mini-cooper-se-electric\\\/\"},\"author\":{\"name\":\"gunther\",\"@id\":\"https:\\\/\\\/elektriauto.ee\\\/blogi\\\/#\\\/schema\\\/person\\\/3fdeb56b2cc943f1bcc79efaea092f81\"},\"headline\":\"S\u00e4rtsakas ja Stiilne: MINI Cooper SE Electric\",\"datePublished\":\"2024-03-10T10:21:51+00:00\",\"mainEntityOfPage\":{\"@id\":\"https:\\\/\\\/elektriauto.ee\\\/blogi\\\/sartsakas-ja-stiilne-mini-cooper-se-electric\\\/\"},\"wordCount\":334,\"inLanguage\":\"et\"},{\"@type\":\"WebPage\",\"@id\":\"https:\\\/\\\/elektriauto.ee\\\/blogi\\\/sartsakas-ja-stiilne-mini-cooper-se-electric\\\/\",\"url\":\"https:\\\/\\\/elektriauto.ee\\\/blogi\\\/sartsakas-ja-stiilne-mini-cooper-se-electric\\\/\",\"name\":\"S\u00e4rtsakas ja Stiilne: MINI Cooper SE Electric - Elektriauto.ee Blog\",\"isPartOf\":{\"@id\":\"https:\\\/\\\/elektriauto.ee\\\/blogi\\\/#website\"},\"datePublished\":\"2024-03-10T10:21:51+00:00\",\"author\":{\"@id\":\"https:\\\/\\\/elektriauto.ee\\\/blogi\\\/#\\\/schema\\\/person\\\/3fdeb56b2cc943f1bcc79efaea092f81\"},\"breadcrumb\":{\"@id\":\"https:\\\/\\\/elektriauto.ee\\\/blogi\\\/sartsakas-ja-stiilne-mini-cooper-se-electric\\\/#breadcrumb\"},\"inLanguage\":\"et\",\"potentialAction\":[{\"@type\":\"ReadAction\",\"target\":[\"https:\\\/\\\/elektriauto.ee\\\/blogi\\\/sartsakas-ja-stiilne-mini-cooper-se-electric\\\/\"]}]},{\"@type\":\"BreadcrumbList\",\"@id\":\"https:\\\/\\\/elektriauto.ee\\\/blogi\\\/sartsakas-ja-stiilne-mini-cooper-se-electric\\\/#breadcrumb\",\"itemListElement\":[{\"@type\":\"ListItem\",\"position\":1,\"name\":\"Avaleht\",\"item\":\"https:\\\/\\\/elektriauto.ee\\\/blogi\\\/\"},{\"@type\":\"ListItem\",\"position\":2,\"name\":\"S\u00e4rtsakas ja Stiilne: MINI Cooper SE Electric\"}]},{\"@type\":\"WebSite\",\"@id\":\"https:\\\/\\\/elektriauto.ee\\\/blogi\\\/#website\",\"url\":\"https:\\\/\\\/elektriauto.ee\\\/blogi\\\/\",\"name\":\"Elektriauto.ee Blog\",\"description\":\"K\u00f5ik elektriautodest\",\"potentialAction\":[{\"@type\":\"SearchAction\",\"target\":{\"@type\":\"EntryPoint\",\"urlTemplate\":\"https:\\\/\\\/elektriauto.ee\\\/blogi\\\/?s={search_term_string}\"},\"query-input\":{\"@type\":\"PropertyValueSpecification\",\"valueRequired\":true,\"valueName\":\"search_term_string\"}}],\"inLanguage\":\"et\"},{\"@type\":\"Person\",\"@id\":\"https:\\\/\\\/elektriauto.ee\\\/blogi\\\/#\\\/schema\\\/person\\\/3fdeb56b2cc943f1bcc79efaea092f81\",\"name\":\"gunther\",\"image\":{\"@type\":\"ImageObject\",\"inLanguage\":\"et\",\"@id\":\"https:\\\/\\\/secure.gravatar.com\\\/avatar\\\/b00ac2cf6e68bee7996eebe28cf5b0aabe9cb3664c1c78f7c35da153c840df1b?s=96&d=mm&r=g\",\"url\":\"https:\\\/\\\/secure.gravatar.com\\\/avatar\\\/b00ac2cf6e68bee7996eebe28cf5b0aabe9cb3664c1c78f7c35da153c840df1b?s=96&d=mm&r=g\",\"contentUrl\":\"https:\\\/\\\/secure.gravatar.com\\\/avatar\\\/b00ac2cf6e68bee7996eebe28cf5b0aabe9cb3664c1c78f7c35da153c840df1b?s=96&d=mm&r=g\",\"caption\":\"gunther\"},\"sameAs\":[\"https:\\\/\\\/elektriauto.ee\\\/blogi\"],\"url\":\"https:\\\/\\\/elektriauto.ee\\\/blogi\\\/author\\\/gunther\\\/\"}]}<\/script>\n<!-- \/ Yoast SEO plugin. -->","yoast_head_json":{"title":"S\u00e4rtsakas ja Stiilne: MINI Cooper SE Electric - Elektriauto.ee Blog","robots":{"index":"index","follow":"follow","max-snippet":"max-snippet:-1","max-image-preview":"max-image-preview:large","max-video-preview":"max-video-preview:-1"},"canonical":"https:\/\/elektriauto.ee\/blogi\/sartsakas-ja-stiilne-mini-cooper-se-electric\/","og_locale":"et_EE","og_type":"article","og_title":"S\u00e4rtsakas ja Stiilne: MINI Cooper SE Electric - Elektriauto.ee Blog","og_description":"Elektriautode turg on viimastel aastatel kiiresti arenenud ja tootjad on toonud turule mitmesuguseid s\u00f5idukeid, mis vastavad erinevatele kasutajate vajadustele. \u00dcks silmapaistvamaid mudeleid selles...","og_url":"https:\/\/elektriauto.ee\/blogi\/sartsakas-ja-stiilne-mini-cooper-se-electric\/","og_site_name":"Elektriauto.ee Blog","article_published_time":"2024-03-10T10:21:51+00:00","author":"gunther","twitter_card":"summary_large_image","twitter_misc":{"Kirjutanud":"gunther","Eeldatav lugemisaeg":"2 minutit"},"schema":{"@context":"https:\/\/schema.org","@graph":[{"@type":"Article","@id":"https:\/\/elektriauto.ee\/blogi\/sartsakas-ja-stiilne-mini-cooper-se-electric\/#article","isPartOf":{"@id":"https:\/\/elektriauto.ee\/blogi\/sartsakas-ja-stiilne-mini-cooper-se-electric\/"},"author":{"name":"gunther","@id":"https:\/\/elektriauto.ee\/blogi\/#\/schema\/person\/3fdeb56b2cc943f1bcc79efaea092f81"},"headline":"S\u00e4rtsakas ja Stiilne: MINI Cooper SE Electric","datePublished":"2024-03-10T10:21:51+00:00","mainEntityOfPage":{"@id":"https:\/\/elektriauto.ee\/blogi\/sartsakas-ja-stiilne-mini-cooper-se-electric\/"},"wordCount":334,"inLanguage":"et"},{"@type":"WebPage","@id":"https:\/\/elektriauto.ee\/blogi\/sartsakas-ja-stiilne-mini-cooper-se-electric\/","url":"https:\/\/elektriauto.ee\/blogi\/sartsakas-ja-stiilne-mini-cooper-se-electric\/","name":"S\u00e4rtsakas ja Stiilne: MINI Cooper SE Electric - Elektriauto.ee Blog","isPartOf":{"@id":"https:\/\/elektriauto.ee\/blogi\/#website"},"datePublished":"2024-03-10T10:21:51+00:00","author":{"@id":"https:\/\/elektriauto.ee\/blogi\/#\/schema\/person\/3fdeb56b2cc943f1bcc79efaea092f81"},"breadcrumb":{"@id":"https:\/\/elektriauto.ee\/blogi\/sartsakas-ja-stiilne-mini-cooper-se-electric\/#breadcrumb"},"inLanguage":"et","potentialAction":[{"@type":"ReadAction","target":["https:\/\/elektriauto.ee\/blogi\/sartsakas-ja-stiilne-mini-cooper-se-electric\/"]}]},{"@type":"BreadcrumbList","@id":"https:\/\/elektriauto.ee\/blogi\/sartsakas-ja-stiilne-mini-cooper-se-electric\/#breadcrumb","itemListElement":[{"@type":"ListItem","position":1,"name":"Avaleht","item":"https:\/\/elektriauto.ee\/blogi\/"},{"@type":"ListItem","position":2,"name":"S\u00e4rtsakas ja Stiilne: MINI Cooper SE Electric"}]},{"@type":"WebSite","@id":"https:\/\/elektriauto.ee\/blogi\/#website","url":"https:\/\/elektriauto.ee\/blogi\/","name":"Elektriauto.ee Blog","description":"K\u00f5ik elektriautodest","potentialAction":[{"@type":"SearchAction","target":{"@type":"EntryPoint","urlTemplate":"https:\/\/elektriauto.ee\/blogi\/?s={search_term_string}"},"query-input":{"@type":"PropertyValueSpecification","valueRequired":true,"valueName":"search_term_string"}}],"inLanguage":"et"},{"@type":"Person","@id":"https:\/\/elektriauto.ee\/blogi\/#\/schema\/person\/3fdeb56b2cc943f1bcc79efaea092f81","name":"gunther","image":{"@type":"ImageObject","inLanguage":"et","@id":"https:\/\/secure.gravatar.com\/avatar\/b00ac2cf6e68bee7996eebe28cf5b0aabe9cb3664c1c78f7c35da153c840df1b?s=96&d=mm&r=g","url":"https:\/\/secure.gravatar.com\/avatar\/b00ac2cf6e68bee7996eebe28cf5b0aabe9cb3664c1c78f7c35da153c840df1b?s=96&d=mm&r=g","contentUrl":"https:\/\/secure.gravatar.com\/avatar\/b00ac2cf6e68bee7996eebe28cf5b0aabe9cb3664c1c78f7c35da153c840df1b?s=96&d=mm&r=g","caption":"gunther"},"sameAs":["https:\/\/elektriauto.ee\/blogi"],"url":"https:\/\/elektriauto.ee\/blogi\/author\/gunther\/"}]}},"_links":{"self":[{"href":"https:\/\/elektriauto.ee\/blogi\/wp-json\/wp\/v2\/posts\/391","targetHints":{"allow":["GET"]}}],"collection":[{"href":"https:\/\/elektriauto.ee\/blogi\/wp-json\/wp\/v2\/posts"}],"about":[{"href":"https:\/\/elektriauto.ee\/blogi\/wp-json\/wp\/v2\/types\/post"}],"author":[{"embeddable":true,"href":"https:\/\/elektriauto.ee\/blogi\/wp-json\/wp\/v2\/users\/1"}],"replies":[{"embeddable":true,"href":"https:\/\/elektriauto.ee\/blogi\/wp-json\/wp\/v2\/comments?post=391"}],"version-history":[{"count":0,"href":"https:\/\/elektriauto.ee\/blogi\/wp-json\/wp\/v2\/posts\/391\/revisions"}],"wp:attachment":[{"href":"https:\/\/elektriauto.ee\/blogi\/wp-json\/wp\/v2\/media?parent=391"}],"wp:term":[{"taxonomy":"category","embeddable":true,"href":"https:\/\/elektriauto.ee\/blogi\/wp-json\/wp\/v2\/categories?post=391"},{"taxonomy":"post_tag","embeddable":true,"href":"https:\/\/elektriauto.ee\/blogi\/wp-json\/wp\/v2\/tags?post=391"}],"curies":[{"name":"wp","href":"https:\/\/api.w.org\/{rel}","templated":true}]}}