{"id":360,"date":"2024-02-28T12:19:00","date_gmt":"2024-02-28T12:19:00","guid":{"rendered":"https:\/\/elektriauto.ee\/blogi\/?p=360"},"modified":"2024-02-28T12:19:00","modified_gmt":"2024-02-28T12:19:00","slug":"ulevaade-elektrilisest-elegantsist-mercedes-benz-eqc","status":"publish","type":"post","link":"https:\/\/elektriauto.ee\/blogi\/ulevaade-elektrilisest-elegantsist-mercedes-benz-eqc\/","title":{"rendered":"\u00dclevaade Elektrilisest Elegantsist: Mercedes-Benz EQC"},"content":{"rendered":"<p>Mercedes-Benz on aastak\u00fcmneid olnud luksusautode s\u00fcnon\u00fc\u00fcmiks, ja nende sisenemine elektriautode turule pole mingi erand. EQC, Mercedes-Benz&#8217;i esimene t\u00e4iselektriline SUV, on v\u00e4lja t\u00f6\u00f6tatud peegeldama br\u00e4ndi tippkvaliteeti ja luksust, millest r\u00e4\u00e4gib ka selle elegantne disain ja s\u00e4ravad tehnilised n\u00e4itajad.<\/p>\n<h2>Mercedes-Benz EQC \u2013 Elektrilise Luksuse Uus Standard<\/h2>\n<p>Linnad\u00fcnaamika ja maanteede v\u00f5lusid \u00fchendav Mercedes-Benz EQC pakub juhtidele erakordset s\u00f5idukogemust. Varustatud kahe elektrimootoriga, mis v\u00f5imaldavad nelikvedu, suudab EQC kiirendada 0\u2013100 km\/h vaid 5,1 sekundiga, tagades sealjuures elektrilisele s\u00f5idukile omaselt sujuva ja m\u00fcratu s\u00f5idu. <\/p>\n<p>See mudel hiilgab v\u00f5imekusega, mis vastab t\u00e4iel m\u00e4\u00e4ral t\u00e4nap\u00e4eva elektriautode turu ootustele. EQC akupaki maht on 80 kWh, pakkudes \u00fche laadimisega s\u00f5iduulatust kuni 417 kilomeetrit WLTP ts\u00fckli j\u00e4rgi. M\u00f5istagi, tegelik s\u00f5iduulatus s\u00f5ltub s\u00f5iduviisist, ilmastikutingimustest ning teepinnast. <\/p>\n<p>Interj\u00f6\u00f6r on Mercedes-Benz&#8217;i t\u00fc\u00fcpiliselt haaravalt luksuslik, kombineerides modernseid tehnoloogiaid ja esmaklassilisi materjale. MBUX (Mercedes-Benz User Experience) infos\u00fcsteem on juhi jaoks liidese tuumaks, pakkudes intuitiivset puutetundlikku ekraani, h\u00e4\u00e4ljuhtimist ja liikluse reaalajas uuendusi.<\/p>\n<h2>Kokkuv\u00f5te: Miks EQC on ideaalne valik teadlikele<\/h2>\n<p>Mercedes-Benz EQC on kahtlemata \u00fcks sektori juhtivatest elektriautodest, optimeerides ohutust, mugavust ja s\u00f5idur\u00f5\u00f5mu. See on ideaalne valik neile, kes otsivad tasakaalustatud kombinatsiooni luksusest, suutlikkusest ja keskkonnateadlikkusest. Koos uuendusliku tehnoloogia ja s\u00e4\u00e4stva s\u00f5iduelamusega t\u00f5estab EQC, et elektris\u00f5idukid v\u00f5ivad olla sama ihaldusv\u00e4\u00e4rsed kui nende traditsioonilised k\u00fctusep\u00f5hised konkurendid. Mercedes-Benz on loonud s\u00f5iduki, mis v\u00f5ib aidata sillutada teed puhtamasse ja rohelisemasse tulevikku, ilma et peaksite loobuma kvaliteedist v\u00f5i stiilist.<\/p>\n","protected":false},"excerpt":{"rendered":"<p>Mercedes-Benz on aastak\u00fcmneid olnud luksusautode s\u00fcnon\u00fc\u00fcmiks, ja nende sisenemine elektriautode turule pole mingi erand. EQC, Mercedes-Benz&#8217;i esimene t\u00e4iselektriline SUV, on v\u00e4lja t\u00f6\u00f6tatud peegeldama&#8230;<\/p>\n","protected":false},"author":1,"featured_media":0,"comment_status":"closed","ping_status":"closed","sticky":false,"template":"","format":"standard","meta":{"footnotes":""},"categories":[1],"tags":[],"class_list":["post-360","post","type-post","status-publish","format-standard","hentry","category-maaratlemata"],"yoast_head":"<!-- This site is optimized with the Yoast SEO plugin v28.3 - https:\/\/yoast.com\/product\/yoast-seo-wordpress\/ -->\n<title>\u00dclevaade Elektrilisest Elegantsist: Mercedes-Benz EQC - Elektriauto.ee Blog<\/title>\n<meta name=\"robots\" content=\"index, follow, max-snippet:-1, max-image-preview:large, max-video-preview:-1\" \/>\n<link rel=\"canonical\" href=\"https:\/\/elektriauto.ee\/blogi\/ulevaade-elektrilisest-elegantsist-mercedes-benz-eqc\/\" \/>\n<meta property=\"og:locale\" content=\"et_EE\" \/>\n<meta property=\"og:type\" content=\"article\" \/>\n<meta property=\"og:title\" content=\"\u00dclevaade Elektrilisest Elegantsist: Mercedes-Benz EQC - Elektriauto.ee Blog\" \/>\n<meta property=\"og:description\" content=\"Mercedes-Benz on aastak\u00fcmneid olnud luksusautode s\u00fcnon\u00fc\u00fcmiks, ja nende sisenemine elektriautode turule pole mingi erand. EQC, Mercedes-Benz&#039;i esimene t\u00e4iselektriline SUV, on v\u00e4lja t\u00f6\u00f6tatud peegeldama...\" \/>\n<meta property=\"og:url\" content=\"https:\/\/elektriauto.ee\/blogi\/ulevaade-elektrilisest-elegantsist-mercedes-benz-eqc\/\" \/>\n<meta property=\"og:site_name\" content=\"Elektriauto.ee Blog\" \/>\n<meta property=\"article:published_time\" content=\"2024-02-28T12:19:00+00:00\" \/>\n<meta name=\"author\" content=\"gunther\" \/>\n<meta name=\"twitter:card\" content=\"summary_large_image\" \/>\n<meta name=\"twitter:label1\" content=\"Kirjutanud\" \/>\n\t<meta name=\"twitter:data1\" content=\"gunther\" \/>\n\t<meta name=\"twitter:label2\" content=\"Eeldatav lugemisaeg\" \/>\n\t<meta name=\"twitter:data2\" content=\"1 minut\" \/>\n<script type=\"application\/ld+json\" class=\"yoast-schema-graph\">{\"@context\":\"https:\\\/\\\/schema.org\",\"@graph\":[{\"@type\":\"Article\",\"@id\":\"https:\\\/\\\/elektriauto.ee\\\/blogi\\\/ulevaade-elektrilisest-elegantsist-mercedes-benz-eqc\\\/#article\",\"isPartOf\":{\"@id\":\"https:\\\/\\\/elektriauto.ee\\\/blogi\\\/ulevaade-elektrilisest-elegantsist-mercedes-benz-eqc\\\/\"},\"author\":{\"name\":\"gunther\",\"@id\":\"https:\\\/\\\/elektriauto.ee\\\/blogi\\\/#\\\/schema\\\/person\\\/3fdeb56b2cc943f1bcc79efaea092f81\"},\"headline\":\"\u00dclevaade Elektrilisest Elegantsist: Mercedes-Benz EQC\",\"datePublished\":\"2024-02-28T12:19:00+00:00\",\"mainEntityOfPage\":{\"@id\":\"https:\\\/\\\/elektriauto.ee\\\/blogi\\\/ulevaade-elektrilisest-elegantsist-mercedes-benz-eqc\\\/\"},\"wordCount\":267,\"inLanguage\":\"et\"},{\"@type\":\"WebPage\",\"@id\":\"https:\\\/\\\/elektriauto.ee\\\/blogi\\\/ulevaade-elektrilisest-elegantsist-mercedes-benz-eqc\\\/\",\"url\":\"https:\\\/\\\/elektriauto.ee\\\/blogi\\\/ulevaade-elektrilisest-elegantsist-mercedes-benz-eqc\\\/\",\"name\":\"\u00dclevaade Elektrilisest Elegantsist: Mercedes-Benz EQC - Elektriauto.ee Blog\",\"isPartOf\":{\"@id\":\"https:\\\/\\\/elektriauto.ee\\\/blogi\\\/#website\"},\"datePublished\":\"2024-02-28T12:19:00+00:00\",\"author\":{\"@id\":\"https:\\\/\\\/elektriauto.ee\\\/blogi\\\/#\\\/schema\\\/person\\\/3fdeb56b2cc943f1bcc79efaea092f81\"},\"breadcrumb\":{\"@id\":\"https:\\\/\\\/elektriauto.ee\\\/blogi\\\/ulevaade-elektrilisest-elegantsist-mercedes-benz-eqc\\\/#breadcrumb\"},\"inLanguage\":\"et\",\"potentialAction\":[{\"@type\":\"ReadAction\",\"target\":[\"https:\\\/\\\/elektriauto.ee\\\/blogi\\\/ulevaade-elektrilisest-elegantsist-mercedes-benz-eqc\\\/\"]}]},{\"@type\":\"BreadcrumbList\",\"@id\":\"https:\\\/\\\/elektriauto.ee\\\/blogi\\\/ulevaade-elektrilisest-elegantsist-mercedes-benz-eqc\\\/#breadcrumb\",\"itemListElement\":[{\"@type\":\"ListItem\",\"position\":1,\"name\":\"Avaleht\",\"item\":\"https:\\\/\\\/elektriauto.ee\\\/blogi\\\/\"},{\"@type\":\"ListItem\",\"position\":2,\"name\":\"\u00dclevaade Elektrilisest Elegantsist: Mercedes-Benz EQC\"}]},{\"@type\":\"WebSite\",\"@id\":\"https:\\\/\\\/elektriauto.ee\\\/blogi\\\/#website\",\"url\":\"https:\\\/\\\/elektriauto.ee\\\/blogi\\\/\",\"name\":\"Elektriauto.ee Blog\",\"description\":\"K\u00f5ik elektriautodest\",\"potentialAction\":[{\"@type\":\"SearchAction\",\"target\":{\"@type\":\"EntryPoint\",\"urlTemplate\":\"https:\\\/\\\/elektriauto.ee\\\/blogi\\\/?s={search_term_string}\"},\"query-input\":{\"@type\":\"PropertyValueSpecification\",\"valueRequired\":true,\"valueName\":\"search_term_string\"}}],\"inLanguage\":\"et\"},{\"@type\":\"Person\",\"@id\":\"https:\\\/\\\/elektriauto.ee\\\/blogi\\\/#\\\/schema\\\/person\\\/3fdeb56b2cc943f1bcc79efaea092f81\",\"name\":\"gunther\",\"image\":{\"@type\":\"ImageObject\",\"inLanguage\":\"et\",\"@id\":\"https:\\\/\\\/secure.gravatar.com\\\/avatar\\\/b00ac2cf6e68bee7996eebe28cf5b0aabe9cb3664c1c78f7c35da153c840df1b?s=96&d=mm&r=g\",\"url\":\"https:\\\/\\\/secure.gravatar.com\\\/avatar\\\/b00ac2cf6e68bee7996eebe28cf5b0aabe9cb3664c1c78f7c35da153c840df1b?s=96&d=mm&r=g\",\"contentUrl\":\"https:\\\/\\\/secure.gravatar.com\\\/avatar\\\/b00ac2cf6e68bee7996eebe28cf5b0aabe9cb3664c1c78f7c35da153c840df1b?s=96&d=mm&r=g\",\"caption\":\"gunther\"},\"sameAs\":[\"https:\\\/\\\/elektriauto.ee\\\/blogi\"],\"url\":\"https:\\\/\\\/elektriauto.ee\\\/blogi\\\/author\\\/gunther\\\/\"}]}<\/script>\n<!-- \/ Yoast SEO plugin. -->","yoast_head_json":{"title":"\u00dclevaade Elektrilisest Elegantsist: Mercedes-Benz EQC - Elektriauto.ee Blog","robots":{"index":"index","follow":"follow","max-snippet":"max-snippet:-1","max-image-preview":"max-image-preview:large","max-video-preview":"max-video-preview:-1"},"canonical":"https:\/\/elektriauto.ee\/blogi\/ulevaade-elektrilisest-elegantsist-mercedes-benz-eqc\/","og_locale":"et_EE","og_type":"article","og_title":"\u00dclevaade Elektrilisest Elegantsist: Mercedes-Benz EQC - Elektriauto.ee Blog","og_description":"Mercedes-Benz on aastak\u00fcmneid olnud luksusautode s\u00fcnon\u00fc\u00fcmiks, ja nende sisenemine elektriautode turule pole mingi erand. EQC, Mercedes-Benz'i esimene t\u00e4iselektriline SUV, on v\u00e4lja t\u00f6\u00f6tatud peegeldama...","og_url":"https:\/\/elektriauto.ee\/blogi\/ulevaade-elektrilisest-elegantsist-mercedes-benz-eqc\/","og_site_name":"Elektriauto.ee Blog","article_published_time":"2024-02-28T12:19:00+00:00","author":"gunther","twitter_card":"summary_large_image","twitter_misc":{"Kirjutanud":"gunther","Eeldatav lugemisaeg":"1 minut"},"schema":{"@context":"https:\/\/schema.org","@graph":[{"@type":"Article","@id":"https:\/\/elektriauto.ee\/blogi\/ulevaade-elektrilisest-elegantsist-mercedes-benz-eqc\/#article","isPartOf":{"@id":"https:\/\/elektriauto.ee\/blogi\/ulevaade-elektrilisest-elegantsist-mercedes-benz-eqc\/"},"author":{"name":"gunther","@id":"https:\/\/elektriauto.ee\/blogi\/#\/schema\/person\/3fdeb56b2cc943f1bcc79efaea092f81"},"headline":"\u00dclevaade Elektrilisest Elegantsist: Mercedes-Benz EQC","datePublished":"2024-02-28T12:19:00+00:00","mainEntityOfPage":{"@id":"https:\/\/elektriauto.ee\/blogi\/ulevaade-elektrilisest-elegantsist-mercedes-benz-eqc\/"},"wordCount":267,"inLanguage":"et"},{"@type":"WebPage","@id":"https:\/\/elektriauto.ee\/blogi\/ulevaade-elektrilisest-elegantsist-mercedes-benz-eqc\/","url":"https:\/\/elektriauto.ee\/blogi\/ulevaade-elektrilisest-elegantsist-mercedes-benz-eqc\/","name":"\u00dclevaade Elektrilisest Elegantsist: Mercedes-Benz EQC - Elektriauto.ee Blog","isPartOf":{"@id":"https:\/\/elektriauto.ee\/blogi\/#website"},"datePublished":"2024-02-28T12:19:00+00:00","author":{"@id":"https:\/\/elektriauto.ee\/blogi\/#\/schema\/person\/3fdeb56b2cc943f1bcc79efaea092f81"},"breadcrumb":{"@id":"https:\/\/elektriauto.ee\/blogi\/ulevaade-elektrilisest-elegantsist-mercedes-benz-eqc\/#breadcrumb"},"inLanguage":"et","potentialAction":[{"@type":"ReadAction","target":["https:\/\/elektriauto.ee\/blogi\/ulevaade-elektrilisest-elegantsist-mercedes-benz-eqc\/"]}]},{"@type":"BreadcrumbList","@id":"https:\/\/elektriauto.ee\/blogi\/ulevaade-elektrilisest-elegantsist-mercedes-benz-eqc\/#breadcrumb","itemListElement":[{"@type":"ListItem","position":1,"name":"Avaleht","item":"https:\/\/elektriauto.ee\/blogi\/"},{"@type":"ListItem","position":2,"name":"\u00dclevaade Elektrilisest Elegantsist: Mercedes-Benz EQC"}]},{"@type":"WebSite","@id":"https:\/\/elektriauto.ee\/blogi\/#website","url":"https:\/\/elektriauto.ee\/blogi\/","name":"Elektriauto.ee Blog","description":"K\u00f5ik elektriautodest","potentialAction":[{"@type":"SearchAction","target":{"@type":"EntryPoint","urlTemplate":"https:\/\/elektriauto.ee\/blogi\/?s={search_term_string}"},"query-input":{"@type":"PropertyValueSpecification","valueRequired":true,"valueName":"search_term_string"}}],"inLanguage":"et"},{"@type":"Person","@id":"https:\/\/elektriauto.ee\/blogi\/#\/schema\/person\/3fdeb56b2cc943f1bcc79efaea092f81","name":"gunther","image":{"@type":"ImageObject","inLanguage":"et","@id":"https:\/\/secure.gravatar.com\/avatar\/b00ac2cf6e68bee7996eebe28cf5b0aabe9cb3664c1c78f7c35da153c840df1b?s=96&d=mm&r=g","url":"https:\/\/secure.gravatar.com\/avatar\/b00ac2cf6e68bee7996eebe28cf5b0aabe9cb3664c1c78f7c35da153c840df1b?s=96&d=mm&r=g","contentUrl":"https:\/\/secure.gravatar.com\/avatar\/b00ac2cf6e68bee7996eebe28cf5b0aabe9cb3664c1c78f7c35da153c840df1b?s=96&d=mm&r=g","caption":"gunther"},"sameAs":["https:\/\/elektriauto.ee\/blogi"],"url":"https:\/\/elektriauto.ee\/blogi\/author\/gunther\/"}]}},"_links":{"self":[{"href":"https:\/\/elektriauto.ee\/blogi\/wp-json\/wp\/v2\/posts\/360","targetHints":{"allow":["GET"]}}],"collection":[{"href":"https:\/\/elektriauto.ee\/blogi\/wp-json\/wp\/v2\/posts"}],"about":[{"href":"https:\/\/elektriauto.ee\/blogi\/wp-json\/wp\/v2\/types\/post"}],"author":[{"embeddable":true,"href":"https:\/\/elektriauto.ee\/blogi\/wp-json\/wp\/v2\/users\/1"}],"replies":[{"embeddable":true,"href":"https:\/\/elektriauto.ee\/blogi\/wp-json\/wp\/v2\/comments?post=360"}],"version-history":[{"count":0,"href":"https:\/\/elektriauto.ee\/blogi\/wp-json\/wp\/v2\/posts\/360\/revisions"}],"wp:attachment":[{"href":"https:\/\/elektriauto.ee\/blogi\/wp-json\/wp\/v2\/media?parent=360"}],"wp:term":[{"taxonomy":"category","embeddable":true,"href":"https:\/\/elektriauto.ee\/blogi\/wp-json\/wp\/v2\/categories?post=360"},{"taxonomy":"post_tag","embeddable":true,"href":"https:\/\/elektriauto.ee\/blogi\/wp-json\/wp\/v2\/tags?post=360"}],"curies":[{"name":"wp","href":"https:\/\/api.w.org\/{rel}","templated":true}]}}