{"id":301,"date":"2024-02-22T09:44:04","date_gmt":"2024-02-22T09:44:04","guid":{"rendered":"https:\/\/elektriauto.ee\/blogi\/?p=301"},"modified":"2024-02-22T09:44:04","modified_gmt":"2024-02-22T09:44:04","slug":"elektriline-elegants-polestar-2-silmipimestav-debuut","status":"publish","type":"post","link":"https:\/\/elektriauto.ee\/blogi\/elektriline-elegants-polestar-2-silmipimestav-debuut\/","title":{"rendered":"Elektriline Elegants: Polestar 2 Silmipimestav Deb\u00fc\u00fct"},"content":{"rendered":"<p>Elektris\u00f5idukite maailm on mitmekesine ja p\u00f5nev, pakub \u00fcllatusi ka neile, kes arvavad, et on juba k\u00f5ike n\u00e4inud. Eestisse j\u00f5udnud Polestar 2 on \u00fcks sellistest \u00fcllatajatest, loodud selleks, et pakkuda konkurentsi premium-segmendis, kus domineerivad tuntud kaubam\u00e4rgid. Kuidas aga v\u00e4idab enda koht elektriautode turul, selline elegantselt disainitud ja tehniliselt v\u00f5imekas s\u00f5iduk?<\/p>\n<p>Polestar, Volvo Car Group&#8217;i ja Zhejiang Geely Holding&#8217;i \u00fchisettev\u00f5te, on suunatud k\u00f5rgtehnoloogiliste elektriliste s\u00f5idukite tootmisele. Polestar 2 on nende t\u00e4htelev\u00f5tja, mis deb\u00fcteeris 2020. aastal. Kompaktset luukp\u00e4ra iseloomustab j\u00f5uline disain ja intuitiivne tehnoloogia, mis v\u00f5tab sihikule need tarbijad, kes otsivad keskkonnas\u00f5bralikkust ilma stiilist ja s\u00f5idumugavusest j\u00e4releandmisi tegemata.<\/p>\n<p>Auto v\u00e4ljastpoolt vaadates paistavad silma teravad jooned ja pooleldi kinnise esiv\u00f5re isikup\u00e4rane kujundus, mis annab autole ainulaadse ja \u00e4ratuntava v\u00e4limuse. Ruumikas salong on aga viimistletud kvaliteetsete materjalidega ning on varustatud moodne ning kasutajas\u00f5braliku infolustis\u00fcsteemiga, mis t\u00f6\u00f6tab Google&#8217;i operatsioonis\u00fcsteemil.<\/p>\n<p>Polestar 2 s\u00fcdameks on 78 kWh akupakk, mis v\u00f5imaldab WLTP-ts\u00fcklit j\u00e4rgides kuni 470 kilomeetrit s\u00f5iduulatust \u00fche laadimisega. See on muljetavaldav n\u00e4itaja, mis seab s\u00f5iduki soodsasse positsiooni v\u00f5rreldes turu teiste m\u00e4ngijatega. Lisaks on Polestar 2 Twin mootoriseadistusega nelikveoline, mis annab autole v\u00f5imsa kiirenduse &#8211; 0 kuni 100 km\/h k\u00f5igest 4,7 sekundiga.<\/p>\n<p>\u00c4rge aga arvake, et Polestar 2 on m\u00f5eldud ainult kiiruse armastajatele. Vastupidi \u2013 see auto on loodud ka igap\u00e4evas\u00f5itude jaoks, pakkudes juhile ja reisijatele maksimaalset mugavust ja vaikset s\u00f5idukogemust, mis on elektriautodele nii iseloomulik.<\/p>\n<p>Kokkuv\u00f5tvalt on Polestar 2 mitte ainult samm edasi elektrimobiilsuse maailmas, vaid ka t\u00f5eline stiilin\u00e4ide, mis \u00fchendab endas disaini, tehnilised uuendused ja keskkonnas\u00f5bralikkuse. See on suurep\u00e4rane alternatiiv neile, kes soovivad oma s\u00f5idukilt enamat kui lihtsalt transpordivahendi funktsiooni. Polestar 2 on t\u00f5estus, et elektriline tulevik on elegantselt j\u00f5uline ja silmipimestavalt stiilne.<\/p>\n","protected":false},"excerpt":{"rendered":"<p>Elektris\u00f5idukite maailm on mitmekesine ja p\u00f5nev, pakub \u00fcllatusi ka neile, kes arvavad, et on juba k\u00f5ike n\u00e4inud. Eestisse j\u00f5udnud Polestar 2 on \u00fcks sellistest \u00fcllatajatest, loodud selleks, et pakkuda&#8230;<\/p>\n","protected":false},"author":1,"featured_media":0,"comment_status":"closed","ping_status":"closed","sticky":false,"template":"","format":"standard","meta":{"footnotes":""},"categories":[1],"tags":[],"class_list":["post-301","post","type-post","status-publish","format-standard","hentry","category-maaratlemata"],"yoast_head":"<!-- This site is optimized with the Yoast SEO plugin v28.3 - https:\/\/yoast.com\/product\/yoast-seo-wordpress\/ -->\n<title>Elektriline Elegants: Polestar 2 Silmipimestav Deb\u00fc\u00fct - Elektriauto.ee Blog<\/title>\n<meta name=\"robots\" content=\"index, follow, max-snippet:-1, max-image-preview:large, max-video-preview:-1\" \/>\n<link rel=\"canonical\" href=\"https:\/\/elektriauto.ee\/blogi\/elektriline-elegants-polestar-2-silmipimestav-debuut\/\" \/>\n<meta property=\"og:locale\" content=\"et_EE\" \/>\n<meta property=\"og:type\" content=\"article\" \/>\n<meta property=\"og:title\" content=\"Elektriline Elegants: Polestar 2 Silmipimestav Deb\u00fc\u00fct - Elektriauto.ee Blog\" \/>\n<meta property=\"og:description\" content=\"Elektris\u00f5idukite maailm on mitmekesine ja p\u00f5nev, pakub \u00fcllatusi ka neile, kes arvavad, et on juba k\u00f5ike n\u00e4inud. Eestisse j\u00f5udnud Polestar 2 on \u00fcks sellistest \u00fcllatajatest, loodud selleks, et pakkuda...\" \/>\n<meta property=\"og:url\" content=\"https:\/\/elektriauto.ee\/blogi\/elektriline-elegants-polestar-2-silmipimestav-debuut\/\" \/>\n<meta property=\"og:site_name\" content=\"Elektriauto.ee Blog\" \/>\n<meta property=\"article:published_time\" content=\"2024-02-22T09:44:04+00:00\" \/>\n<meta name=\"author\" content=\"gunther\" \/>\n<meta name=\"twitter:card\" content=\"summary_large_image\" \/>\n<meta name=\"twitter:label1\" content=\"Kirjutanud\" \/>\n\t<meta name=\"twitter:data1\" content=\"gunther\" \/>\n\t<meta name=\"twitter:label2\" content=\"Eeldatav lugemisaeg\" \/>\n\t<meta name=\"twitter:data2\" content=\"2 minutit\" \/>\n<script type=\"application\/ld+json\" class=\"yoast-schema-graph\">{\"@context\":\"https:\\\/\\\/schema.org\",\"@graph\":[{\"@type\":\"Article\",\"@id\":\"https:\\\/\\\/elektriauto.ee\\\/blogi\\\/elektriline-elegants-polestar-2-silmipimestav-debuut\\\/#article\",\"isPartOf\":{\"@id\":\"https:\\\/\\\/elektriauto.ee\\\/blogi\\\/elektriline-elegants-polestar-2-silmipimestav-debuut\\\/\"},\"author\":{\"name\":\"gunther\",\"@id\":\"https:\\\/\\\/elektriauto.ee\\\/blogi\\\/#\\\/schema\\\/person\\\/3fdeb56b2cc943f1bcc79efaea092f81\"},\"headline\":\"Elektriline Elegants: Polestar 2 Silmipimestav Deb\u00fc\u00fct\",\"datePublished\":\"2024-02-22T09:44:04+00:00\",\"mainEntityOfPage\":{\"@id\":\"https:\\\/\\\/elektriauto.ee\\\/blogi\\\/elektriline-elegants-polestar-2-silmipimestav-debuut\\\/\"},\"wordCount\":314,\"inLanguage\":\"et\"},{\"@type\":\"WebPage\",\"@id\":\"https:\\\/\\\/elektriauto.ee\\\/blogi\\\/elektriline-elegants-polestar-2-silmipimestav-debuut\\\/\",\"url\":\"https:\\\/\\\/elektriauto.ee\\\/blogi\\\/elektriline-elegants-polestar-2-silmipimestav-debuut\\\/\",\"name\":\"Elektriline Elegants: Polestar 2 Silmipimestav Deb\u00fc\u00fct - Elektriauto.ee Blog\",\"isPartOf\":{\"@id\":\"https:\\\/\\\/elektriauto.ee\\\/blogi\\\/#website\"},\"datePublished\":\"2024-02-22T09:44:04+00:00\",\"author\":{\"@id\":\"https:\\\/\\\/elektriauto.ee\\\/blogi\\\/#\\\/schema\\\/person\\\/3fdeb56b2cc943f1bcc79efaea092f81\"},\"breadcrumb\":{\"@id\":\"https:\\\/\\\/elektriauto.ee\\\/blogi\\\/elektriline-elegants-polestar-2-silmipimestav-debuut\\\/#breadcrumb\"},\"inLanguage\":\"et\",\"potentialAction\":[{\"@type\":\"ReadAction\",\"target\":[\"https:\\\/\\\/elektriauto.ee\\\/blogi\\\/elektriline-elegants-polestar-2-silmipimestav-debuut\\\/\"]}]},{\"@type\":\"BreadcrumbList\",\"@id\":\"https:\\\/\\\/elektriauto.ee\\\/blogi\\\/elektriline-elegants-polestar-2-silmipimestav-debuut\\\/#breadcrumb\",\"itemListElement\":[{\"@type\":\"ListItem\",\"position\":1,\"name\":\"Avaleht\",\"item\":\"https:\\\/\\\/elektriauto.ee\\\/blogi\\\/\"},{\"@type\":\"ListItem\",\"position\":2,\"name\":\"Elektriline Elegants: Polestar 2 Silmipimestav Deb\u00fc\u00fct\"}]},{\"@type\":\"WebSite\",\"@id\":\"https:\\\/\\\/elektriauto.ee\\\/blogi\\\/#website\",\"url\":\"https:\\\/\\\/elektriauto.ee\\\/blogi\\\/\",\"name\":\"Elektriauto.ee Blog\",\"description\":\"K\u00f5ik elektriautodest\",\"potentialAction\":[{\"@type\":\"SearchAction\",\"target\":{\"@type\":\"EntryPoint\",\"urlTemplate\":\"https:\\\/\\\/elektriauto.ee\\\/blogi\\\/?s={search_term_string}\"},\"query-input\":{\"@type\":\"PropertyValueSpecification\",\"valueRequired\":true,\"valueName\":\"search_term_string\"}}],\"inLanguage\":\"et\"},{\"@type\":\"Person\",\"@id\":\"https:\\\/\\\/elektriauto.ee\\\/blogi\\\/#\\\/schema\\\/person\\\/3fdeb56b2cc943f1bcc79efaea092f81\",\"name\":\"gunther\",\"image\":{\"@type\":\"ImageObject\",\"inLanguage\":\"et\",\"@id\":\"https:\\\/\\\/secure.gravatar.com\\\/avatar\\\/b00ac2cf6e68bee7996eebe28cf5b0aabe9cb3664c1c78f7c35da153c840df1b?s=96&d=mm&r=g\",\"url\":\"https:\\\/\\\/secure.gravatar.com\\\/avatar\\\/b00ac2cf6e68bee7996eebe28cf5b0aabe9cb3664c1c78f7c35da153c840df1b?s=96&d=mm&r=g\",\"contentUrl\":\"https:\\\/\\\/secure.gravatar.com\\\/avatar\\\/b00ac2cf6e68bee7996eebe28cf5b0aabe9cb3664c1c78f7c35da153c840df1b?s=96&d=mm&r=g\",\"caption\":\"gunther\"},\"sameAs\":[\"https:\\\/\\\/elektriauto.ee\\\/blogi\"],\"url\":\"https:\\\/\\\/elektriauto.ee\\\/blogi\\\/author\\\/gunther\\\/\"}]}<\/script>\n<!-- \/ Yoast SEO plugin. -->","yoast_head_json":{"title":"Elektriline Elegants: Polestar 2 Silmipimestav Deb\u00fc\u00fct - Elektriauto.ee Blog","robots":{"index":"index","follow":"follow","max-snippet":"max-snippet:-1","max-image-preview":"max-image-preview:large","max-video-preview":"max-video-preview:-1"},"canonical":"https:\/\/elektriauto.ee\/blogi\/elektriline-elegants-polestar-2-silmipimestav-debuut\/","og_locale":"et_EE","og_type":"article","og_title":"Elektriline Elegants: Polestar 2 Silmipimestav Deb\u00fc\u00fct - Elektriauto.ee Blog","og_description":"Elektris\u00f5idukite maailm on mitmekesine ja p\u00f5nev, pakub \u00fcllatusi ka neile, kes arvavad, et on juba k\u00f5ike n\u00e4inud. Eestisse j\u00f5udnud Polestar 2 on \u00fcks sellistest \u00fcllatajatest, loodud selleks, et pakkuda...","og_url":"https:\/\/elektriauto.ee\/blogi\/elektriline-elegants-polestar-2-silmipimestav-debuut\/","og_site_name":"Elektriauto.ee Blog","article_published_time":"2024-02-22T09:44:04+00:00","author":"gunther","twitter_card":"summary_large_image","twitter_misc":{"Kirjutanud":"gunther","Eeldatav lugemisaeg":"2 minutit"},"schema":{"@context":"https:\/\/schema.org","@graph":[{"@type":"Article","@id":"https:\/\/elektriauto.ee\/blogi\/elektriline-elegants-polestar-2-silmipimestav-debuut\/#article","isPartOf":{"@id":"https:\/\/elektriauto.ee\/blogi\/elektriline-elegants-polestar-2-silmipimestav-debuut\/"},"author":{"name":"gunther","@id":"https:\/\/elektriauto.ee\/blogi\/#\/schema\/person\/3fdeb56b2cc943f1bcc79efaea092f81"},"headline":"Elektriline Elegants: Polestar 2 Silmipimestav Deb\u00fc\u00fct","datePublished":"2024-02-22T09:44:04+00:00","mainEntityOfPage":{"@id":"https:\/\/elektriauto.ee\/blogi\/elektriline-elegants-polestar-2-silmipimestav-debuut\/"},"wordCount":314,"inLanguage":"et"},{"@type":"WebPage","@id":"https:\/\/elektriauto.ee\/blogi\/elektriline-elegants-polestar-2-silmipimestav-debuut\/","url":"https:\/\/elektriauto.ee\/blogi\/elektriline-elegants-polestar-2-silmipimestav-debuut\/","name":"Elektriline Elegants: Polestar 2 Silmipimestav Deb\u00fc\u00fct - Elektriauto.ee Blog","isPartOf":{"@id":"https:\/\/elektriauto.ee\/blogi\/#website"},"datePublished":"2024-02-22T09:44:04+00:00","author":{"@id":"https:\/\/elektriauto.ee\/blogi\/#\/schema\/person\/3fdeb56b2cc943f1bcc79efaea092f81"},"breadcrumb":{"@id":"https:\/\/elektriauto.ee\/blogi\/elektriline-elegants-polestar-2-silmipimestav-debuut\/#breadcrumb"},"inLanguage":"et","potentialAction":[{"@type":"ReadAction","target":["https:\/\/elektriauto.ee\/blogi\/elektriline-elegants-polestar-2-silmipimestav-debuut\/"]}]},{"@type":"BreadcrumbList","@id":"https:\/\/elektriauto.ee\/blogi\/elektriline-elegants-polestar-2-silmipimestav-debuut\/#breadcrumb","itemListElement":[{"@type":"ListItem","position":1,"name":"Avaleht","item":"https:\/\/elektriauto.ee\/blogi\/"},{"@type":"ListItem","position":2,"name":"Elektriline Elegants: Polestar 2 Silmipimestav Deb\u00fc\u00fct"}]},{"@type":"WebSite","@id":"https:\/\/elektriauto.ee\/blogi\/#website","url":"https:\/\/elektriauto.ee\/blogi\/","name":"Elektriauto.ee Blog","description":"K\u00f5ik elektriautodest","potentialAction":[{"@type":"SearchAction","target":{"@type":"EntryPoint","urlTemplate":"https:\/\/elektriauto.ee\/blogi\/?s={search_term_string}"},"query-input":{"@type":"PropertyValueSpecification","valueRequired":true,"valueName":"search_term_string"}}],"inLanguage":"et"},{"@type":"Person","@id":"https:\/\/elektriauto.ee\/blogi\/#\/schema\/person\/3fdeb56b2cc943f1bcc79efaea092f81","name":"gunther","image":{"@type":"ImageObject","inLanguage":"et","@id":"https:\/\/secure.gravatar.com\/avatar\/b00ac2cf6e68bee7996eebe28cf5b0aabe9cb3664c1c78f7c35da153c840df1b?s=96&d=mm&r=g","url":"https:\/\/secure.gravatar.com\/avatar\/b00ac2cf6e68bee7996eebe28cf5b0aabe9cb3664c1c78f7c35da153c840df1b?s=96&d=mm&r=g","contentUrl":"https:\/\/secure.gravatar.com\/avatar\/b00ac2cf6e68bee7996eebe28cf5b0aabe9cb3664c1c78f7c35da153c840df1b?s=96&d=mm&r=g","caption":"gunther"},"sameAs":["https:\/\/elektriauto.ee\/blogi"],"url":"https:\/\/elektriauto.ee\/blogi\/author\/gunther\/"}]}},"_links":{"self":[{"href":"https:\/\/elektriauto.ee\/blogi\/wp-json\/wp\/v2\/posts\/301","targetHints":{"allow":["GET"]}}],"collection":[{"href":"https:\/\/elektriauto.ee\/blogi\/wp-json\/wp\/v2\/posts"}],"about":[{"href":"https:\/\/elektriauto.ee\/blogi\/wp-json\/wp\/v2\/types\/post"}],"author":[{"embeddable":true,"href":"https:\/\/elektriauto.ee\/blogi\/wp-json\/wp\/v2\/users\/1"}],"replies":[{"embeddable":true,"href":"https:\/\/elektriauto.ee\/blogi\/wp-json\/wp\/v2\/comments?post=301"}],"version-history":[{"count":0,"href":"https:\/\/elektriauto.ee\/blogi\/wp-json\/wp\/v2\/posts\/301\/revisions"}],"wp:attachment":[{"href":"https:\/\/elektriauto.ee\/blogi\/wp-json\/wp\/v2\/media?parent=301"}],"wp:term":[{"taxonomy":"category","embeddable":true,"href":"https:\/\/elektriauto.ee\/blogi\/wp-json\/wp\/v2\/categories?post=301"},{"taxonomy":"post_tag","embeddable":true,"href":"https:\/\/elektriauto.ee\/blogi\/wp-json\/wp\/v2\/tags?post=301"}],"curies":[{"name":"wp","href":"https:\/\/api.w.org\/{rel}","templated":true}]}}