{"id":296,"date":"2024-02-20T13:16:44","date_gmt":"2024-02-20T13:16:44","guid":{"rendered":"https:\/\/elektriauto.ee\/blogi\/?p=296"},"modified":"2024-02-20T13:16:44","modified_gmt":"2024-02-20T13:16:44","slug":"ajastu-ikon-porsche-taycani-elektrilised-unistused","status":"publish","type":"post","link":"https:\/\/elektriauto.ee\/blogi\/ajastu-ikon-porsche-taycani-elektrilised-unistused\/","title":{"rendered":"Ajastu Ikon: Porsche Taycani Elektrilised Unistused"},"content":{"rendered":"<p>Elektriautode taevasse on t\u00f5usnud uus t\u00e4ht \u2013 Porsche Taycan. Selle nime taga peitub innovatsioon ja luksus, mis viib elektris\u00f5idukid senitundmatule tasemele. Selle s\u00e4rava mudeli esitlemisega astub Porsche suure sammu elektrimaailma tippkonkurentsi, kus iga detail on loodud silmapaistva sooritusv\u00f5ime ja disaini austajale.<\/p>\n<h2>Porsche Taycan &#8211; Tipptehnoloogia ja Stiili S\u00fcmbioos<\/h2>\n<p>Saksa autotootja Porsche on alati olnud tuntud oma kvaliteetsete sportautode poolest, mis pakuvad erakordset s\u00f5idukogemust. Taycan laiendab selle maine ideaalselt ka elektriautode kategooriasse. Auto on varustatud kaasaegse 800-voldise arhitektuuriga, mis v\u00f5imaldab kiiret akulaadimist. Ka kiirendusnumbrid on muljetavaldavad \u2013 Taycan Turbo S suudab nullist sajani kihutada alla 3 sekundi.<\/p>\n<p>Taycani interj\u00f6\u00f6r viib luksuse teise dimensiooni. T\u00e4ispuutetundlik juhtpaneel, kaasaegsed multimeedialahendused ja m\u00e4rkimisv\u00e4\u00e4rne t\u00e4helepanu detailidele loovad \u00fchtaegu nii tehnoloogiliselt kui ka esteetiliselt nauditava keskkonna. Salongi r\u00f5hutavad kvaliteetsed materjalid ning seadistatavate valguslahenduste rikkalik valik annab iga s\u00f5idukorraga uue kogemuse.<\/p>\n<p>V\u00e4liselt on Taycan kohe \u00e4ratuntav &#8211; Porsche disainikiil on j\u00e4etud puutumata ning Taycan j\u00e4rgib selgelt selle sportauto esiisade j\u00e4lgi. Samas, s\u00f5iduki aerod\u00fcnaamiline kuju on t\u00f5husalt sulandunud kaasaegsete elektris\u00f5idukite disainikeeleks, mis teeb sellest \u00fche vaieldamatu pilgup\u00fc\u00fcdja igal teel.<\/p>\n<h2>Mida Tulevik Toob Porsche Taycanile?<\/h2>\n<p>Porsche Taycan n\u00e4itab selgelt, et elektriautod v\u00f5ivad olla sama ihaldusv\u00e4\u00e4rsed ja adrenaliinirohked kui nende sisep\u00f5lemismootoriga vennad. See on suur samm edasi mitte ainult Porsche jaoks, vaid kogu autot\u00f6\u00f6stuse jaoks, n\u00e4idates et elektrilisel j\u00f5ul v\u00f5ivad s\u00f5idukid pakkuda ehedat s\u00f5iduelamust koos keskkonnas\u00f5bralikkusega.<\/p>\n<p>Taycani tulevik on kahtlemata helge. Porsche j\u00e4tkab automudeli edasiarendamist, tuues turule uusi variante ja tehnoloogilisi uuendusi, mis veelgi t\u00f5stavad juba k\u00f5rgele seatud lati. Samuti pole kahtlustki, et teised autotootjad v\u00f5tavad Taycanist eeskuju, muutes tuleviku autoindustrii veelgi elektrilisemaks ja rohelisemaks.<\/p>\n<p>Kokkuv\u00f5tvalt on Porsche Taycan suurep\u00e4rane n\u00e4ide sellest, kuidas ka traditsioonilised autotootjad suudavad end \u00fcmber leiutada ja kaasa minna kiirete tehnoloogiliste muutustega. Tuleviku s\u00f5idukite horisondil paistavad elektrilised kingad, millesse nii m\u00f5nigi s\u00f5idukihuviline on valmis oma jalad t\u00f5stma, ja selles osas on Taycan saanud suunan\u00e4itajaks.<\/p>\n","protected":false},"excerpt":{"rendered":"<p>Elektriautode taevasse on t\u00f5usnud uus t\u00e4ht \u2013 Porsche Taycan. Selle nime taga peitub innovatsioon ja luksus, mis viib elektris\u00f5idukid senitundmatule tasemele. Selle s\u00e4rava mudeli esitlemisega astub&#8230;<\/p>\n","protected":false},"author":1,"featured_media":0,"comment_status":"closed","ping_status":"closed","sticky":false,"template":"","format":"standard","meta":{"footnotes":""},"categories":[1],"tags":[],"class_list":["post-296","post","type-post","status-publish","format-standard","hentry","category-maaratlemata"],"yoast_head":"<!-- This site is optimized with the Yoast SEO plugin v28.3 - https:\/\/yoast.com\/product\/yoast-seo-wordpress\/ -->\n<title>Ajastu Ikon: Porsche Taycani Elektrilised Unistused - Elektriauto.ee Blog<\/title>\n<meta name=\"robots\" content=\"index, follow, max-snippet:-1, max-image-preview:large, max-video-preview:-1\" \/>\n<link rel=\"canonical\" href=\"https:\/\/elektriauto.ee\/blogi\/ajastu-ikon-porsche-taycani-elektrilised-unistused\/\" \/>\n<meta property=\"og:locale\" content=\"et_EE\" \/>\n<meta property=\"og:type\" content=\"article\" \/>\n<meta property=\"og:title\" content=\"Ajastu Ikon: Porsche Taycani Elektrilised Unistused - Elektriauto.ee Blog\" \/>\n<meta property=\"og:description\" content=\"Elektriautode taevasse on t\u00f5usnud uus t\u00e4ht \u2013 Porsche Taycan. Selle nime taga peitub innovatsioon ja luksus, mis viib elektris\u00f5idukid senitundmatule tasemele. Selle s\u00e4rava mudeli esitlemisega astub...\" \/>\n<meta property=\"og:url\" content=\"https:\/\/elektriauto.ee\/blogi\/ajastu-ikon-porsche-taycani-elektrilised-unistused\/\" \/>\n<meta property=\"og:site_name\" content=\"Elektriauto.ee Blog\" \/>\n<meta property=\"article:published_time\" content=\"2024-02-20T13:16:44+00:00\" \/>\n<meta name=\"author\" content=\"gunther\" \/>\n<meta name=\"twitter:card\" content=\"summary_large_image\" \/>\n<meta name=\"twitter:label1\" content=\"Kirjutanud\" \/>\n\t<meta name=\"twitter:data1\" content=\"gunther\" \/>\n\t<meta name=\"twitter:label2\" content=\"Eeldatav lugemisaeg\" \/>\n\t<meta name=\"twitter:data2\" content=\"2 minutit\" \/>\n<script type=\"application\/ld+json\" class=\"yoast-schema-graph\">{\"@context\":\"https:\\\/\\\/schema.org\",\"@graph\":[{\"@type\":\"Article\",\"@id\":\"https:\\\/\\\/elektriauto.ee\\\/blogi\\\/ajastu-ikon-porsche-taycani-elektrilised-unistused\\\/#article\",\"isPartOf\":{\"@id\":\"https:\\\/\\\/elektriauto.ee\\\/blogi\\\/ajastu-ikon-porsche-taycani-elektrilised-unistused\\\/\"},\"author\":{\"name\":\"gunther\",\"@id\":\"https:\\\/\\\/elektriauto.ee\\\/blogi\\\/#\\\/schema\\\/person\\\/3fdeb56b2cc943f1bcc79efaea092f81\"},\"headline\":\"Ajastu Ikon: Porsche Taycani Elektrilised Unistused\",\"datePublished\":\"2024-02-20T13:16:44+00:00\",\"mainEntityOfPage\":{\"@id\":\"https:\\\/\\\/elektriauto.ee\\\/blogi\\\/ajastu-ikon-porsche-taycani-elektrilised-unistused\\\/\"},\"wordCount\":347,\"inLanguage\":\"et\"},{\"@type\":\"WebPage\",\"@id\":\"https:\\\/\\\/elektriauto.ee\\\/blogi\\\/ajastu-ikon-porsche-taycani-elektrilised-unistused\\\/\",\"url\":\"https:\\\/\\\/elektriauto.ee\\\/blogi\\\/ajastu-ikon-porsche-taycani-elektrilised-unistused\\\/\",\"name\":\"Ajastu Ikon: Porsche Taycani Elektrilised Unistused - Elektriauto.ee Blog\",\"isPartOf\":{\"@id\":\"https:\\\/\\\/elektriauto.ee\\\/blogi\\\/#website\"},\"datePublished\":\"2024-02-20T13:16:44+00:00\",\"author\":{\"@id\":\"https:\\\/\\\/elektriauto.ee\\\/blogi\\\/#\\\/schema\\\/person\\\/3fdeb56b2cc943f1bcc79efaea092f81\"},\"breadcrumb\":{\"@id\":\"https:\\\/\\\/elektriauto.ee\\\/blogi\\\/ajastu-ikon-porsche-taycani-elektrilised-unistused\\\/#breadcrumb\"},\"inLanguage\":\"et\",\"potentialAction\":[{\"@type\":\"ReadAction\",\"target\":[\"https:\\\/\\\/elektriauto.ee\\\/blogi\\\/ajastu-ikon-porsche-taycani-elektrilised-unistused\\\/\"]}]},{\"@type\":\"BreadcrumbList\",\"@id\":\"https:\\\/\\\/elektriauto.ee\\\/blogi\\\/ajastu-ikon-porsche-taycani-elektrilised-unistused\\\/#breadcrumb\",\"itemListElement\":[{\"@type\":\"ListItem\",\"position\":1,\"name\":\"Avaleht\",\"item\":\"https:\\\/\\\/elektriauto.ee\\\/blogi\\\/\"},{\"@type\":\"ListItem\",\"position\":2,\"name\":\"Ajastu Ikon: Porsche Taycani Elektrilised Unistused\"}]},{\"@type\":\"WebSite\",\"@id\":\"https:\\\/\\\/elektriauto.ee\\\/blogi\\\/#website\",\"url\":\"https:\\\/\\\/elektriauto.ee\\\/blogi\\\/\",\"name\":\"Elektriauto.ee Blog\",\"description\":\"K\u00f5ik elektriautodest\",\"potentialAction\":[{\"@type\":\"SearchAction\",\"target\":{\"@type\":\"EntryPoint\",\"urlTemplate\":\"https:\\\/\\\/elektriauto.ee\\\/blogi\\\/?s={search_term_string}\"},\"query-input\":{\"@type\":\"PropertyValueSpecification\",\"valueRequired\":true,\"valueName\":\"search_term_string\"}}],\"inLanguage\":\"et\"},{\"@type\":\"Person\",\"@id\":\"https:\\\/\\\/elektriauto.ee\\\/blogi\\\/#\\\/schema\\\/person\\\/3fdeb56b2cc943f1bcc79efaea092f81\",\"name\":\"gunther\",\"image\":{\"@type\":\"ImageObject\",\"inLanguage\":\"et\",\"@id\":\"https:\\\/\\\/secure.gravatar.com\\\/avatar\\\/b00ac2cf6e68bee7996eebe28cf5b0aabe9cb3664c1c78f7c35da153c840df1b?s=96&d=mm&r=g\",\"url\":\"https:\\\/\\\/secure.gravatar.com\\\/avatar\\\/b00ac2cf6e68bee7996eebe28cf5b0aabe9cb3664c1c78f7c35da153c840df1b?s=96&d=mm&r=g\",\"contentUrl\":\"https:\\\/\\\/secure.gravatar.com\\\/avatar\\\/b00ac2cf6e68bee7996eebe28cf5b0aabe9cb3664c1c78f7c35da153c840df1b?s=96&d=mm&r=g\",\"caption\":\"gunther\"},\"sameAs\":[\"https:\\\/\\\/elektriauto.ee\\\/blogi\"],\"url\":\"https:\\\/\\\/elektriauto.ee\\\/blogi\\\/author\\\/gunther\\\/\"}]}<\/script>\n<!-- \/ Yoast SEO plugin. -->","yoast_head_json":{"title":"Ajastu Ikon: Porsche Taycani Elektrilised Unistused - Elektriauto.ee Blog","robots":{"index":"index","follow":"follow","max-snippet":"max-snippet:-1","max-image-preview":"max-image-preview:large","max-video-preview":"max-video-preview:-1"},"canonical":"https:\/\/elektriauto.ee\/blogi\/ajastu-ikon-porsche-taycani-elektrilised-unistused\/","og_locale":"et_EE","og_type":"article","og_title":"Ajastu Ikon: Porsche Taycani Elektrilised Unistused - Elektriauto.ee Blog","og_description":"Elektriautode taevasse on t\u00f5usnud uus t\u00e4ht \u2013 Porsche Taycan. Selle nime taga peitub innovatsioon ja luksus, mis viib elektris\u00f5idukid senitundmatule tasemele. Selle s\u00e4rava mudeli esitlemisega astub...","og_url":"https:\/\/elektriauto.ee\/blogi\/ajastu-ikon-porsche-taycani-elektrilised-unistused\/","og_site_name":"Elektriauto.ee Blog","article_published_time":"2024-02-20T13:16:44+00:00","author":"gunther","twitter_card":"summary_large_image","twitter_misc":{"Kirjutanud":"gunther","Eeldatav lugemisaeg":"2 minutit"},"schema":{"@context":"https:\/\/schema.org","@graph":[{"@type":"Article","@id":"https:\/\/elektriauto.ee\/blogi\/ajastu-ikon-porsche-taycani-elektrilised-unistused\/#article","isPartOf":{"@id":"https:\/\/elektriauto.ee\/blogi\/ajastu-ikon-porsche-taycani-elektrilised-unistused\/"},"author":{"name":"gunther","@id":"https:\/\/elektriauto.ee\/blogi\/#\/schema\/person\/3fdeb56b2cc943f1bcc79efaea092f81"},"headline":"Ajastu Ikon: Porsche Taycani Elektrilised Unistused","datePublished":"2024-02-20T13:16:44+00:00","mainEntityOfPage":{"@id":"https:\/\/elektriauto.ee\/blogi\/ajastu-ikon-porsche-taycani-elektrilised-unistused\/"},"wordCount":347,"inLanguage":"et"},{"@type":"WebPage","@id":"https:\/\/elektriauto.ee\/blogi\/ajastu-ikon-porsche-taycani-elektrilised-unistused\/","url":"https:\/\/elektriauto.ee\/blogi\/ajastu-ikon-porsche-taycani-elektrilised-unistused\/","name":"Ajastu Ikon: Porsche Taycani Elektrilised Unistused - Elektriauto.ee Blog","isPartOf":{"@id":"https:\/\/elektriauto.ee\/blogi\/#website"},"datePublished":"2024-02-20T13:16:44+00:00","author":{"@id":"https:\/\/elektriauto.ee\/blogi\/#\/schema\/person\/3fdeb56b2cc943f1bcc79efaea092f81"},"breadcrumb":{"@id":"https:\/\/elektriauto.ee\/blogi\/ajastu-ikon-porsche-taycani-elektrilised-unistused\/#breadcrumb"},"inLanguage":"et","potentialAction":[{"@type":"ReadAction","target":["https:\/\/elektriauto.ee\/blogi\/ajastu-ikon-porsche-taycani-elektrilised-unistused\/"]}]},{"@type":"BreadcrumbList","@id":"https:\/\/elektriauto.ee\/blogi\/ajastu-ikon-porsche-taycani-elektrilised-unistused\/#breadcrumb","itemListElement":[{"@type":"ListItem","position":1,"name":"Avaleht","item":"https:\/\/elektriauto.ee\/blogi\/"},{"@type":"ListItem","position":2,"name":"Ajastu Ikon: Porsche Taycani Elektrilised Unistused"}]},{"@type":"WebSite","@id":"https:\/\/elektriauto.ee\/blogi\/#website","url":"https:\/\/elektriauto.ee\/blogi\/","name":"Elektriauto.ee Blog","description":"K\u00f5ik elektriautodest","potentialAction":[{"@type":"SearchAction","target":{"@type":"EntryPoint","urlTemplate":"https:\/\/elektriauto.ee\/blogi\/?s={search_term_string}"},"query-input":{"@type":"PropertyValueSpecification","valueRequired":true,"valueName":"search_term_string"}}],"inLanguage":"et"},{"@type":"Person","@id":"https:\/\/elektriauto.ee\/blogi\/#\/schema\/person\/3fdeb56b2cc943f1bcc79efaea092f81","name":"gunther","image":{"@type":"ImageObject","inLanguage":"et","@id":"https:\/\/secure.gravatar.com\/avatar\/b00ac2cf6e68bee7996eebe28cf5b0aabe9cb3664c1c78f7c35da153c840df1b?s=96&d=mm&r=g","url":"https:\/\/secure.gravatar.com\/avatar\/b00ac2cf6e68bee7996eebe28cf5b0aabe9cb3664c1c78f7c35da153c840df1b?s=96&d=mm&r=g","contentUrl":"https:\/\/secure.gravatar.com\/avatar\/b00ac2cf6e68bee7996eebe28cf5b0aabe9cb3664c1c78f7c35da153c840df1b?s=96&d=mm&r=g","caption":"gunther"},"sameAs":["https:\/\/elektriauto.ee\/blogi"],"url":"https:\/\/elektriauto.ee\/blogi\/author\/gunther\/"}]}},"_links":{"self":[{"href":"https:\/\/elektriauto.ee\/blogi\/wp-json\/wp\/v2\/posts\/296","targetHints":{"allow":["GET"]}}],"collection":[{"href":"https:\/\/elektriauto.ee\/blogi\/wp-json\/wp\/v2\/posts"}],"about":[{"href":"https:\/\/elektriauto.ee\/blogi\/wp-json\/wp\/v2\/types\/post"}],"author":[{"embeddable":true,"href":"https:\/\/elektriauto.ee\/blogi\/wp-json\/wp\/v2\/users\/1"}],"replies":[{"embeddable":true,"href":"https:\/\/elektriauto.ee\/blogi\/wp-json\/wp\/v2\/comments?post=296"}],"version-history":[{"count":0,"href":"https:\/\/elektriauto.ee\/blogi\/wp-json\/wp\/v2\/posts\/296\/revisions"}],"wp:attachment":[{"href":"https:\/\/elektriauto.ee\/blogi\/wp-json\/wp\/v2\/media?parent=296"}],"wp:term":[{"taxonomy":"category","embeddable":true,"href":"https:\/\/elektriauto.ee\/blogi\/wp-json\/wp\/v2\/categories?post=296"},{"taxonomy":"post_tag","embeddable":true,"href":"https:\/\/elektriauto.ee\/blogi\/wp-json\/wp\/v2\/tags?post=296"}],"curies":[{"name":"wp","href":"https:\/\/api.w.org\/{rel}","templated":true}]}}