{"id":283,"date":"2024-02-16T12:04:47","date_gmt":"2024-02-16T12:04:47","guid":{"rendered":"https:\/\/elektriauto.ee\/blogi\/?p=283"},"modified":"2024-02-16T12:04:47","modified_gmt":"2024-02-16T12:04:47","slug":"elektriautosoidu-uus-tase-volkswagen-id-4","status":"publish","type":"post","link":"https:\/\/elektriauto.ee\/blogi\/elektriautosoidu-uus-tase-volkswagen-id-4\/","title":{"rendered":"Elektriautos\u00f5idu Uus Tase: Volkswagen ID.4"},"content":{"rendered":"<p>Elektris\u00f5idukite maailm on viimastel aastatel kogenud t\u00f5elist \u00f5itsengut. Erinevad tootjad on toonud turule mitmeid mudeleid, mis konkureerivad \u00e4gedalt kliendi t\u00e4helepanu p\u00e4rast. \u00dcheks t\u00e4helepanuv\u00e4\u00e4rseks mudeliks, mis on konkurentidega silma paistnud, on Volkswagen ID.4. See elektriauto ei paku mitte ainult futuristlikku disaini, vaid on t\u00f5estanud, et v\u00f5ib olla praktiline igap\u00e4evas\u00f5iduk paljudele peredele \u00fcle maailma.<\/p>\n<p>Volkswagen ID.4 on keskkonnas\u00f5bralike s\u00f5idukite hulgas silma paistnud oma ruumika ja mugava salongi, k\u00f5rgetasemeliste s\u00f5iduomaduste ja suhteliselt taskukohase hinnaga. L\u00fchidalt \u00f6eldes, ID.4 pakub kasutajale elektriautole omast vaikset ja puhtamat s\u00f5idukogemust ilma kompromisside tegemiseta.<\/p>\n<h3>Sisust<\/h3>\n<p>Volkswagen ID.4 puhul on oluline esile tuua selle suurep\u00e4rane elektriline j\u00f5uallikas. S\u00f5ltuvalt valitud akupaketist ulatub s\u00f5iduulatus kuni 520 kilomeetrini WLTP standardi j\u00e4rgi, mis on t\u00e4iesti piisav enamike kasutajate p\u00e4evasteks vajadusteks. Lisaks on ID.4 varustatud kiirlaadimisfunktsiooniga, v\u00f5imaldades aku kiiresti taas t\u00e4is laadida.<\/p>\n<p>Autos paistab silma ka ruumikas ja kvaliteetne interj\u00f6\u00f6r, mis on varustatud innovaatiliste tehnoloogiate ja mugavusfunktsioonidega. T\u00e4nu erksale puutetundlikule infotainment-ekraanile on juhtimine intuitiivne ning kaasaegne juhiabis\u00fcsteemide pakett tagab turvalise s\u00f5idukogemuse.<\/p>\n<p>Volkswagen ei ole unustanud ka v\u00e4limust \u2013 ID.4 esindab modernset disainikeelt, millega on r\u00f5hutatud auto progressiivsust ja \u00f6koloogilist s\u00f5numit. Siledad jooned ja aerod\u00fcnaamiline kuju aitavad kaasa paremale t\u00f6\u00f6kindlusele ja s\u00e4\u00e4stlikumale energiakasutusele.<\/p>\n<h3>Kokkuv\u00f5te<\/h3>\n<p>Kokkuv\u00f5tvalt on Volkswagen ID.4 tugev n\u00e4ide sellest, et elektriautosid ei tohiks enam k\u00e4sitleda ainult tulevikuautodena, vaid need on siin ja praegu, pakkudes reaalseid lahendusi igap\u00e4evastele s\u00f5iduvajadustele. ID.4 \u00fchildab omavahel keskkonnas\u00f5bralikkuse, tehnoloogia ning mugavuse, olles suurep\u00e4rane valik neile, kes soovivad astuda sammu elektrilisele s\u00f5idur\u00f5\u00f5mule l\u00e4hemale. Olgu ees linnas toimetamine v\u00f5i pikemad road trip&#8217;id, Volkswagen ID.4 t\u00f5estab, et elektriauto sobib igasse seiklusse.<\/p>\n","protected":false},"excerpt":{"rendered":"<p>Elektris\u00f5idukite maailm on viimastel aastatel kogenud t\u00f5elist \u00f5itsengut. Erinevad tootjad on toonud turule mitmeid mudeleid, mis konkureerivad \u00e4gedalt kliendi t\u00e4helepanu p\u00e4rast. \u00dcheks&#8230;<\/p>\n","protected":false},"author":1,"featured_media":0,"comment_status":"closed","ping_status":"closed","sticky":false,"template":"","format":"standard","meta":{"footnotes":""},"categories":[1],"tags":[],"class_list":["post-283","post","type-post","status-publish","format-standard","hentry","category-maaratlemata"],"yoast_head":"<!-- This site is optimized with the Yoast SEO plugin v28.3 - https:\/\/yoast.com\/product\/yoast-seo-wordpress\/ -->\n<title>Elektriautos\u00f5idu Uus Tase: Volkswagen ID.4 - Elektriauto.ee Blog<\/title>\n<meta name=\"robots\" content=\"index, follow, max-snippet:-1, max-image-preview:large, max-video-preview:-1\" \/>\n<link rel=\"canonical\" href=\"https:\/\/elektriauto.ee\/blogi\/elektriautosoidu-uus-tase-volkswagen-id-4\/\" \/>\n<meta property=\"og:locale\" content=\"et_EE\" \/>\n<meta property=\"og:type\" content=\"article\" \/>\n<meta property=\"og:title\" content=\"Elektriautos\u00f5idu Uus Tase: Volkswagen ID.4 - Elektriauto.ee Blog\" \/>\n<meta property=\"og:description\" content=\"Elektris\u00f5idukite maailm on viimastel aastatel kogenud t\u00f5elist \u00f5itsengut. Erinevad tootjad on toonud turule mitmeid mudeleid, mis konkureerivad \u00e4gedalt kliendi t\u00e4helepanu p\u00e4rast. \u00dcheks...\" \/>\n<meta property=\"og:url\" content=\"https:\/\/elektriauto.ee\/blogi\/elektriautosoidu-uus-tase-volkswagen-id-4\/\" \/>\n<meta property=\"og:site_name\" content=\"Elektriauto.ee Blog\" \/>\n<meta property=\"article:published_time\" content=\"2024-02-16T12:04:47+00:00\" \/>\n<meta name=\"author\" content=\"gunther\" \/>\n<meta name=\"twitter:card\" content=\"summary_large_image\" \/>\n<meta name=\"twitter:label1\" content=\"Kirjutanud\" \/>\n\t<meta name=\"twitter:data1\" content=\"gunther\" \/>\n\t<meta name=\"twitter:label2\" content=\"Eeldatav lugemisaeg\" \/>\n\t<meta name=\"twitter:data2\" content=\"1 minut\" \/>\n<script type=\"application\/ld+json\" class=\"yoast-schema-graph\">{\"@context\":\"https:\\\/\\\/schema.org\",\"@graph\":[{\"@type\":\"Article\",\"@id\":\"https:\\\/\\\/elektriauto.ee\\\/blogi\\\/elektriautosoidu-uus-tase-volkswagen-id-4\\\/#article\",\"isPartOf\":{\"@id\":\"https:\\\/\\\/elektriauto.ee\\\/blogi\\\/elektriautosoidu-uus-tase-volkswagen-id-4\\\/\"},\"author\":{\"name\":\"gunther\",\"@id\":\"https:\\\/\\\/elektriauto.ee\\\/blogi\\\/#\\\/schema\\\/person\\\/3fdeb56b2cc943f1bcc79efaea092f81\"},\"headline\":\"Elektriautos\u00f5idu Uus Tase: Volkswagen ID.4\",\"datePublished\":\"2024-02-16T12:04:47+00:00\",\"mainEntityOfPage\":{\"@id\":\"https:\\\/\\\/elektriauto.ee\\\/blogi\\\/elektriautosoidu-uus-tase-volkswagen-id-4\\\/\"},\"wordCount\":301,\"inLanguage\":\"et\"},{\"@type\":\"WebPage\",\"@id\":\"https:\\\/\\\/elektriauto.ee\\\/blogi\\\/elektriautosoidu-uus-tase-volkswagen-id-4\\\/\",\"url\":\"https:\\\/\\\/elektriauto.ee\\\/blogi\\\/elektriautosoidu-uus-tase-volkswagen-id-4\\\/\",\"name\":\"Elektriautos\u00f5idu Uus Tase: Volkswagen ID.4 - Elektriauto.ee Blog\",\"isPartOf\":{\"@id\":\"https:\\\/\\\/elektriauto.ee\\\/blogi\\\/#website\"},\"datePublished\":\"2024-02-16T12:04:47+00:00\",\"author\":{\"@id\":\"https:\\\/\\\/elektriauto.ee\\\/blogi\\\/#\\\/schema\\\/person\\\/3fdeb56b2cc943f1bcc79efaea092f81\"},\"breadcrumb\":{\"@id\":\"https:\\\/\\\/elektriauto.ee\\\/blogi\\\/elektriautosoidu-uus-tase-volkswagen-id-4\\\/#breadcrumb\"},\"inLanguage\":\"et\",\"potentialAction\":[{\"@type\":\"ReadAction\",\"target\":[\"https:\\\/\\\/elektriauto.ee\\\/blogi\\\/elektriautosoidu-uus-tase-volkswagen-id-4\\\/\"]}]},{\"@type\":\"BreadcrumbList\",\"@id\":\"https:\\\/\\\/elektriauto.ee\\\/blogi\\\/elektriautosoidu-uus-tase-volkswagen-id-4\\\/#breadcrumb\",\"itemListElement\":[{\"@type\":\"ListItem\",\"position\":1,\"name\":\"Avaleht\",\"item\":\"https:\\\/\\\/elektriauto.ee\\\/blogi\\\/\"},{\"@type\":\"ListItem\",\"position\":2,\"name\":\"Elektriautos\u00f5idu Uus Tase: Volkswagen ID.4\"}]},{\"@type\":\"WebSite\",\"@id\":\"https:\\\/\\\/elektriauto.ee\\\/blogi\\\/#website\",\"url\":\"https:\\\/\\\/elektriauto.ee\\\/blogi\\\/\",\"name\":\"Elektriauto.ee Blog\",\"description\":\"K\u00f5ik elektriautodest\",\"potentialAction\":[{\"@type\":\"SearchAction\",\"target\":{\"@type\":\"EntryPoint\",\"urlTemplate\":\"https:\\\/\\\/elektriauto.ee\\\/blogi\\\/?s={search_term_string}\"},\"query-input\":{\"@type\":\"PropertyValueSpecification\",\"valueRequired\":true,\"valueName\":\"search_term_string\"}}],\"inLanguage\":\"et\"},{\"@type\":\"Person\",\"@id\":\"https:\\\/\\\/elektriauto.ee\\\/blogi\\\/#\\\/schema\\\/person\\\/3fdeb56b2cc943f1bcc79efaea092f81\",\"name\":\"gunther\",\"image\":{\"@type\":\"ImageObject\",\"inLanguage\":\"et\",\"@id\":\"https:\\\/\\\/secure.gravatar.com\\\/avatar\\\/b00ac2cf6e68bee7996eebe28cf5b0aabe9cb3664c1c78f7c35da153c840df1b?s=96&d=mm&r=g\",\"url\":\"https:\\\/\\\/secure.gravatar.com\\\/avatar\\\/b00ac2cf6e68bee7996eebe28cf5b0aabe9cb3664c1c78f7c35da153c840df1b?s=96&d=mm&r=g\",\"contentUrl\":\"https:\\\/\\\/secure.gravatar.com\\\/avatar\\\/b00ac2cf6e68bee7996eebe28cf5b0aabe9cb3664c1c78f7c35da153c840df1b?s=96&d=mm&r=g\",\"caption\":\"gunther\"},\"sameAs\":[\"https:\\\/\\\/elektriauto.ee\\\/blogi\"],\"url\":\"https:\\\/\\\/elektriauto.ee\\\/blogi\\\/author\\\/gunther\\\/\"}]}<\/script>\n<!-- \/ Yoast SEO plugin. -->","yoast_head_json":{"title":"Elektriautos\u00f5idu Uus Tase: Volkswagen ID.4 - Elektriauto.ee Blog","robots":{"index":"index","follow":"follow","max-snippet":"max-snippet:-1","max-image-preview":"max-image-preview:large","max-video-preview":"max-video-preview:-1"},"canonical":"https:\/\/elektriauto.ee\/blogi\/elektriautosoidu-uus-tase-volkswagen-id-4\/","og_locale":"et_EE","og_type":"article","og_title":"Elektriautos\u00f5idu Uus Tase: Volkswagen ID.4 - Elektriauto.ee Blog","og_description":"Elektris\u00f5idukite maailm on viimastel aastatel kogenud t\u00f5elist \u00f5itsengut. Erinevad tootjad on toonud turule mitmeid mudeleid, mis konkureerivad \u00e4gedalt kliendi t\u00e4helepanu p\u00e4rast. \u00dcheks...","og_url":"https:\/\/elektriauto.ee\/blogi\/elektriautosoidu-uus-tase-volkswagen-id-4\/","og_site_name":"Elektriauto.ee Blog","article_published_time":"2024-02-16T12:04:47+00:00","author":"gunther","twitter_card":"summary_large_image","twitter_misc":{"Kirjutanud":"gunther","Eeldatav lugemisaeg":"1 minut"},"schema":{"@context":"https:\/\/schema.org","@graph":[{"@type":"Article","@id":"https:\/\/elektriauto.ee\/blogi\/elektriautosoidu-uus-tase-volkswagen-id-4\/#article","isPartOf":{"@id":"https:\/\/elektriauto.ee\/blogi\/elektriautosoidu-uus-tase-volkswagen-id-4\/"},"author":{"name":"gunther","@id":"https:\/\/elektriauto.ee\/blogi\/#\/schema\/person\/3fdeb56b2cc943f1bcc79efaea092f81"},"headline":"Elektriautos\u00f5idu Uus Tase: Volkswagen ID.4","datePublished":"2024-02-16T12:04:47+00:00","mainEntityOfPage":{"@id":"https:\/\/elektriauto.ee\/blogi\/elektriautosoidu-uus-tase-volkswagen-id-4\/"},"wordCount":301,"inLanguage":"et"},{"@type":"WebPage","@id":"https:\/\/elektriauto.ee\/blogi\/elektriautosoidu-uus-tase-volkswagen-id-4\/","url":"https:\/\/elektriauto.ee\/blogi\/elektriautosoidu-uus-tase-volkswagen-id-4\/","name":"Elektriautos\u00f5idu Uus Tase: Volkswagen ID.4 - Elektriauto.ee Blog","isPartOf":{"@id":"https:\/\/elektriauto.ee\/blogi\/#website"},"datePublished":"2024-02-16T12:04:47+00:00","author":{"@id":"https:\/\/elektriauto.ee\/blogi\/#\/schema\/person\/3fdeb56b2cc943f1bcc79efaea092f81"},"breadcrumb":{"@id":"https:\/\/elektriauto.ee\/blogi\/elektriautosoidu-uus-tase-volkswagen-id-4\/#breadcrumb"},"inLanguage":"et","potentialAction":[{"@type":"ReadAction","target":["https:\/\/elektriauto.ee\/blogi\/elektriautosoidu-uus-tase-volkswagen-id-4\/"]}]},{"@type":"BreadcrumbList","@id":"https:\/\/elektriauto.ee\/blogi\/elektriautosoidu-uus-tase-volkswagen-id-4\/#breadcrumb","itemListElement":[{"@type":"ListItem","position":1,"name":"Avaleht","item":"https:\/\/elektriauto.ee\/blogi\/"},{"@type":"ListItem","position":2,"name":"Elektriautos\u00f5idu Uus Tase: Volkswagen ID.4"}]},{"@type":"WebSite","@id":"https:\/\/elektriauto.ee\/blogi\/#website","url":"https:\/\/elektriauto.ee\/blogi\/","name":"Elektriauto.ee Blog","description":"K\u00f5ik elektriautodest","potentialAction":[{"@type":"SearchAction","target":{"@type":"EntryPoint","urlTemplate":"https:\/\/elektriauto.ee\/blogi\/?s={search_term_string}"},"query-input":{"@type":"PropertyValueSpecification","valueRequired":true,"valueName":"search_term_string"}}],"inLanguage":"et"},{"@type":"Person","@id":"https:\/\/elektriauto.ee\/blogi\/#\/schema\/person\/3fdeb56b2cc943f1bcc79efaea092f81","name":"gunther","image":{"@type":"ImageObject","inLanguage":"et","@id":"https:\/\/secure.gravatar.com\/avatar\/b00ac2cf6e68bee7996eebe28cf5b0aabe9cb3664c1c78f7c35da153c840df1b?s=96&d=mm&r=g","url":"https:\/\/secure.gravatar.com\/avatar\/b00ac2cf6e68bee7996eebe28cf5b0aabe9cb3664c1c78f7c35da153c840df1b?s=96&d=mm&r=g","contentUrl":"https:\/\/secure.gravatar.com\/avatar\/b00ac2cf6e68bee7996eebe28cf5b0aabe9cb3664c1c78f7c35da153c840df1b?s=96&d=mm&r=g","caption":"gunther"},"sameAs":["https:\/\/elektriauto.ee\/blogi"],"url":"https:\/\/elektriauto.ee\/blogi\/author\/gunther\/"}]}},"_links":{"self":[{"href":"https:\/\/elektriauto.ee\/blogi\/wp-json\/wp\/v2\/posts\/283","targetHints":{"allow":["GET"]}}],"collection":[{"href":"https:\/\/elektriauto.ee\/blogi\/wp-json\/wp\/v2\/posts"}],"about":[{"href":"https:\/\/elektriauto.ee\/blogi\/wp-json\/wp\/v2\/types\/post"}],"author":[{"embeddable":true,"href":"https:\/\/elektriauto.ee\/blogi\/wp-json\/wp\/v2\/users\/1"}],"replies":[{"embeddable":true,"href":"https:\/\/elektriauto.ee\/blogi\/wp-json\/wp\/v2\/comments?post=283"}],"version-history":[{"count":0,"href":"https:\/\/elektriauto.ee\/blogi\/wp-json\/wp\/v2\/posts\/283\/revisions"}],"wp:attachment":[{"href":"https:\/\/elektriauto.ee\/blogi\/wp-json\/wp\/v2\/media?parent=283"}],"wp:term":[{"taxonomy":"category","embeddable":true,"href":"https:\/\/elektriauto.ee\/blogi\/wp-json\/wp\/v2\/categories?post=283"},{"taxonomy":"post_tag","embeddable":true,"href":"https:\/\/elektriauto.ee\/blogi\/wp-json\/wp\/v2\/tags?post=283"}],"curies":[{"name":"wp","href":"https:\/\/api.w.org\/{rel}","templated":true}]}}