{"id":222,"date":"2024-02-07T19:21:30","date_gmt":"2024-02-07T19:21:30","guid":{"rendered":"https:\/\/elektriauto.ee\/blogi\/?p=222"},"modified":"2024-02-07T19:21:30","modified_gmt":"2024-02-07T19:21:30","slug":"elektriautode-tous-tulevik-soidab-rahumeelselt","status":"publish","type":"post","link":"https:\/\/elektriauto.ee\/blogi\/elektriautode-tous-tulevik-soidab-rahumeelselt\/","title":{"rendered":"Elektriautode T\u00f5us: Tulevik S\u00f5idab Rahumeelselt"},"content":{"rendered":"<p>Elektris\u00f5idukid, tuntud ka EV-de (Electric Vehicles) nime all, on alustanud v\u00f5iduk\u00e4iku autot\u00f6\u00f6stuses ja meie igap\u00e4evaelus. Aina enam tarbijaid otsustab traditsiooniliste sisep\u00f5lemismootoriga autode asemel valida puhtama ja keskkonnas\u00f5bralikuma alternatiivi. Elektriautode valdkond on lai ning areneb kiiresti, pakkudes huvilistele uusi ja huvitavaid mudeleid alates luksusklassist kuni taskukohaste massimudeliteni. J\u00e4rgnevalt toome teieni \u00fclevaate erinevatest markidest, mis hetkel elektriautode turul silma paistavad.<\/p>\n<h2>Tesla \u2013 Innovatsiooni Etalon<\/h2>\n<p>Ilmselt ei saa \u00fckski elektriautode teemaline arutelu l\u00e4bi ilma Tesla mainimata. Kuulsaim elektriautode tootja, mida juhib vision\u00e4\u00e4r Elon Musk, on tuntud oma tipptehnoloogiaga autode poolest. Tesla mudelirivi h\u00f5lmab k\u00f5ike alates Model S luksussedanist kuni Model Y kompaktse maasturini. Peale muljetavaldava j\u00f5udluse on nende s\u00f5idukid tuntud oma suure j\u00f5uulatuse ja k\u00f5rgtehnoloogiliste lahenduste, nagu Autopilot ja kogu auto \u00fclesehitus, poolest.<\/p>\n<h2>Nissan Leaf \u2013 Elektriautode Pion\u00e4\u00e4r<\/h2>\n<p>Nissan Leaf on \u00fcks esimesi massidesse j\u00f5udnud elektris\u00f5idukeid, omades suurt populaarsust paljudes riikides t\u00e4nu oma taskukohasusele ja usaldusv\u00e4\u00e4rsusele. Leaf pakub m\u00f5\u00f5dukat s\u00f5iduulatust ja soodsat hinnapunkti, mis muudab selle suurep\u00e4raseks valikuks esimeseks elektriautoks.<\/p>\n<h2>Volkswagen ID. Seeria \u2013 Elektriline Rahvaauto<\/h2>\n<p>Volkswagen on p\u00fchendunud elektrilisele mobiilsusele ja nende ID. seeria s\u00f5idukid on kiiresti populaarsust kogumas. Alates v\u00e4ikesest ID.3 luukp\u00e4rasest kuni ruumikasse ID.4 linnamaasturini, pakub VW s\u00f5idukeid, mis sobivad erinevate kasutajate vajadustega. Teadlikult arendatud uue p\u00f5lvkonna elektris\u00f5idukitena, on need autod loodud puhtamate ja vaiksemate linnakeskkondade jaoks.<\/p>\n<h2>Audi e-tron \u2013 Luksuslik J\u00f5udlus<\/h2>\n<p>Audi e-tron n\u00e4itab, et elektris\u00f5idukid v\u00f5ivad olla sama ihaldusv\u00e4\u00e4rsed ja v\u00f5imsad kui traditsioonilised luksuss\u00f5idukid. Tegemist on k\u00f5rgklassi linnamaasturiga, mis pakub suurep\u00e4rast j\u00f5udlust, kvaliteetset salongi ja v\u00f5imekat s\u00f5iduulatust. e-tron on ideaalne neile, kes soovivad \u00fchendada keskkonnas\u00f5bralikkuse ja luksuse.<\/p>\n<h2>Kokkuv\u00f5te<\/h2>\n<p>Elektriautod on kujundanud uue ajastu autot\u00f6\u00f6stuses, pakkudes mitmesuguseid v\u00f5imalusi tarbijatele, alates hinna- ja keskkonnaalasest efektiivsusest kuni luksuslike ja k\u00f5rgtehnoloogiliste s\u00f5idukiteni. Nii suured autotootjad kui v\u00e4iksemad uuendajad j\u00e4tkavad piiride nihutamist, et muuta elektris\u00f5idukid veelgi taskukohasemaks, mugavamaks ja j\u00e4tkusuutlikumaks. Tulevik on kahtlemata elektriline, ning juba t\u00e4na on iga\u00fchel meist v\u00f5imalik sellesse tulevikku panustada, olles osa rohelisemast ja puhtamast maailmast.<\/p>\n","protected":false},"excerpt":{"rendered":"<p>Elektris\u00f5idukid, tuntud ka EV-de (Electric Vehicles) nime all, on alustanud v\u00f5iduk\u00e4iku autot\u00f6\u00f6stuses ja meie igap\u00e4evaelus. Aina enam tarbijaid otsustab traditsiooniliste sisep\u00f5lemismootoriga autode&#8230;<\/p>\n","protected":false},"author":1,"featured_media":0,"comment_status":"closed","ping_status":"closed","sticky":false,"template":"","format":"standard","meta":{"footnotes":""},"categories":[1],"tags":[],"class_list":["post-222","post","type-post","status-publish","format-standard","hentry","category-maaratlemata"],"yoast_head":"<!-- This site is optimized with the Yoast SEO plugin v28.3 - https:\/\/yoast.com\/product\/yoast-seo-wordpress\/ -->\n<title>Elektriautode T\u00f5us: Tulevik S\u00f5idab Rahumeelselt - Elektriauto.ee Blog<\/title>\n<meta name=\"robots\" content=\"index, follow, max-snippet:-1, max-image-preview:large, max-video-preview:-1\" \/>\n<link rel=\"canonical\" href=\"https:\/\/elektriauto.ee\/blogi\/elektriautode-tous-tulevik-soidab-rahumeelselt\/\" \/>\n<meta property=\"og:locale\" content=\"et_EE\" \/>\n<meta property=\"og:type\" content=\"article\" \/>\n<meta property=\"og:title\" content=\"Elektriautode T\u00f5us: Tulevik S\u00f5idab Rahumeelselt - Elektriauto.ee Blog\" \/>\n<meta property=\"og:description\" content=\"Elektris\u00f5idukid, tuntud ka EV-de (Electric Vehicles) nime all, on alustanud v\u00f5iduk\u00e4iku autot\u00f6\u00f6stuses ja meie igap\u00e4evaelus. Aina enam tarbijaid otsustab traditsiooniliste sisep\u00f5lemismootoriga autode...\" \/>\n<meta property=\"og:url\" content=\"https:\/\/elektriauto.ee\/blogi\/elektriautode-tous-tulevik-soidab-rahumeelselt\/\" \/>\n<meta property=\"og:site_name\" content=\"Elektriauto.ee Blog\" \/>\n<meta property=\"article:published_time\" content=\"2024-02-07T19:21:30+00:00\" \/>\n<meta name=\"author\" content=\"gunther\" \/>\n<meta name=\"twitter:card\" content=\"summary_large_image\" \/>\n<meta name=\"twitter:label1\" content=\"Kirjutanud\" \/>\n\t<meta name=\"twitter:data1\" content=\"gunther\" \/>\n\t<meta name=\"twitter:label2\" content=\"Eeldatav lugemisaeg\" \/>\n\t<meta name=\"twitter:data2\" content=\"2 minutit\" \/>\n<script type=\"application\/ld+json\" class=\"yoast-schema-graph\">{\"@context\":\"https:\\\/\\\/schema.org\",\"@graph\":[{\"@type\":\"Article\",\"@id\":\"https:\\\/\\\/elektriauto.ee\\\/blogi\\\/elektriautode-tous-tulevik-soidab-rahumeelselt\\\/#article\",\"isPartOf\":{\"@id\":\"https:\\\/\\\/elektriauto.ee\\\/blogi\\\/elektriautode-tous-tulevik-soidab-rahumeelselt\\\/\"},\"author\":{\"name\":\"gunther\",\"@id\":\"https:\\\/\\\/elektriauto.ee\\\/blogi\\\/#\\\/schema\\\/person\\\/3fdeb56b2cc943f1bcc79efaea092f81\"},\"headline\":\"Elektriautode T\u00f5us: Tulevik S\u00f5idab Rahumeelselt\",\"datePublished\":\"2024-02-07T19:21:30+00:00\",\"mainEntityOfPage\":{\"@id\":\"https:\\\/\\\/elektriauto.ee\\\/blogi\\\/elektriautode-tous-tulevik-soidab-rahumeelselt\\\/\"},\"wordCount\":366,\"inLanguage\":\"et\"},{\"@type\":\"WebPage\",\"@id\":\"https:\\\/\\\/elektriauto.ee\\\/blogi\\\/elektriautode-tous-tulevik-soidab-rahumeelselt\\\/\",\"url\":\"https:\\\/\\\/elektriauto.ee\\\/blogi\\\/elektriautode-tous-tulevik-soidab-rahumeelselt\\\/\",\"name\":\"Elektriautode T\u00f5us: Tulevik S\u00f5idab Rahumeelselt - Elektriauto.ee Blog\",\"isPartOf\":{\"@id\":\"https:\\\/\\\/elektriauto.ee\\\/blogi\\\/#website\"},\"datePublished\":\"2024-02-07T19:21:30+00:00\",\"author\":{\"@id\":\"https:\\\/\\\/elektriauto.ee\\\/blogi\\\/#\\\/schema\\\/person\\\/3fdeb56b2cc943f1bcc79efaea092f81\"},\"breadcrumb\":{\"@id\":\"https:\\\/\\\/elektriauto.ee\\\/blogi\\\/elektriautode-tous-tulevik-soidab-rahumeelselt\\\/#breadcrumb\"},\"inLanguage\":\"et\",\"potentialAction\":[{\"@type\":\"ReadAction\",\"target\":[\"https:\\\/\\\/elektriauto.ee\\\/blogi\\\/elektriautode-tous-tulevik-soidab-rahumeelselt\\\/\"]}]},{\"@type\":\"BreadcrumbList\",\"@id\":\"https:\\\/\\\/elektriauto.ee\\\/blogi\\\/elektriautode-tous-tulevik-soidab-rahumeelselt\\\/#breadcrumb\",\"itemListElement\":[{\"@type\":\"ListItem\",\"position\":1,\"name\":\"Avaleht\",\"item\":\"https:\\\/\\\/elektriauto.ee\\\/blogi\\\/\"},{\"@type\":\"ListItem\",\"position\":2,\"name\":\"Elektriautode T\u00f5us: Tulevik S\u00f5idab Rahumeelselt\"}]},{\"@type\":\"WebSite\",\"@id\":\"https:\\\/\\\/elektriauto.ee\\\/blogi\\\/#website\",\"url\":\"https:\\\/\\\/elektriauto.ee\\\/blogi\\\/\",\"name\":\"Elektriauto.ee Blog\",\"description\":\"K\u00f5ik elektriautodest\",\"potentialAction\":[{\"@type\":\"SearchAction\",\"target\":{\"@type\":\"EntryPoint\",\"urlTemplate\":\"https:\\\/\\\/elektriauto.ee\\\/blogi\\\/?s={search_term_string}\"},\"query-input\":{\"@type\":\"PropertyValueSpecification\",\"valueRequired\":true,\"valueName\":\"search_term_string\"}}],\"inLanguage\":\"et\"},{\"@type\":\"Person\",\"@id\":\"https:\\\/\\\/elektriauto.ee\\\/blogi\\\/#\\\/schema\\\/person\\\/3fdeb56b2cc943f1bcc79efaea092f81\",\"name\":\"gunther\",\"image\":{\"@type\":\"ImageObject\",\"inLanguage\":\"et\",\"@id\":\"https:\\\/\\\/secure.gravatar.com\\\/avatar\\\/b00ac2cf6e68bee7996eebe28cf5b0aabe9cb3664c1c78f7c35da153c840df1b?s=96&d=mm&r=g\",\"url\":\"https:\\\/\\\/secure.gravatar.com\\\/avatar\\\/b00ac2cf6e68bee7996eebe28cf5b0aabe9cb3664c1c78f7c35da153c840df1b?s=96&d=mm&r=g\",\"contentUrl\":\"https:\\\/\\\/secure.gravatar.com\\\/avatar\\\/b00ac2cf6e68bee7996eebe28cf5b0aabe9cb3664c1c78f7c35da153c840df1b?s=96&d=mm&r=g\",\"caption\":\"gunther\"},\"sameAs\":[\"https:\\\/\\\/elektriauto.ee\\\/blogi\"],\"url\":\"https:\\\/\\\/elektriauto.ee\\\/blogi\\\/author\\\/gunther\\\/\"}]}<\/script>\n<!-- \/ Yoast SEO plugin. -->","yoast_head_json":{"title":"Elektriautode T\u00f5us: Tulevik S\u00f5idab Rahumeelselt - Elektriauto.ee Blog","robots":{"index":"index","follow":"follow","max-snippet":"max-snippet:-1","max-image-preview":"max-image-preview:large","max-video-preview":"max-video-preview:-1"},"canonical":"https:\/\/elektriauto.ee\/blogi\/elektriautode-tous-tulevik-soidab-rahumeelselt\/","og_locale":"et_EE","og_type":"article","og_title":"Elektriautode T\u00f5us: Tulevik S\u00f5idab Rahumeelselt - Elektriauto.ee Blog","og_description":"Elektris\u00f5idukid, tuntud ka EV-de (Electric Vehicles) nime all, on alustanud v\u00f5iduk\u00e4iku autot\u00f6\u00f6stuses ja meie igap\u00e4evaelus. Aina enam tarbijaid otsustab traditsiooniliste sisep\u00f5lemismootoriga autode...","og_url":"https:\/\/elektriauto.ee\/blogi\/elektriautode-tous-tulevik-soidab-rahumeelselt\/","og_site_name":"Elektriauto.ee Blog","article_published_time":"2024-02-07T19:21:30+00:00","author":"gunther","twitter_card":"summary_large_image","twitter_misc":{"Kirjutanud":"gunther","Eeldatav lugemisaeg":"2 minutit"},"schema":{"@context":"https:\/\/schema.org","@graph":[{"@type":"Article","@id":"https:\/\/elektriauto.ee\/blogi\/elektriautode-tous-tulevik-soidab-rahumeelselt\/#article","isPartOf":{"@id":"https:\/\/elektriauto.ee\/blogi\/elektriautode-tous-tulevik-soidab-rahumeelselt\/"},"author":{"name":"gunther","@id":"https:\/\/elektriauto.ee\/blogi\/#\/schema\/person\/3fdeb56b2cc943f1bcc79efaea092f81"},"headline":"Elektriautode T\u00f5us: Tulevik S\u00f5idab Rahumeelselt","datePublished":"2024-02-07T19:21:30+00:00","mainEntityOfPage":{"@id":"https:\/\/elektriauto.ee\/blogi\/elektriautode-tous-tulevik-soidab-rahumeelselt\/"},"wordCount":366,"inLanguage":"et"},{"@type":"WebPage","@id":"https:\/\/elektriauto.ee\/blogi\/elektriautode-tous-tulevik-soidab-rahumeelselt\/","url":"https:\/\/elektriauto.ee\/blogi\/elektriautode-tous-tulevik-soidab-rahumeelselt\/","name":"Elektriautode T\u00f5us: Tulevik S\u00f5idab Rahumeelselt - Elektriauto.ee Blog","isPartOf":{"@id":"https:\/\/elektriauto.ee\/blogi\/#website"},"datePublished":"2024-02-07T19:21:30+00:00","author":{"@id":"https:\/\/elektriauto.ee\/blogi\/#\/schema\/person\/3fdeb56b2cc943f1bcc79efaea092f81"},"breadcrumb":{"@id":"https:\/\/elektriauto.ee\/blogi\/elektriautode-tous-tulevik-soidab-rahumeelselt\/#breadcrumb"},"inLanguage":"et","potentialAction":[{"@type":"ReadAction","target":["https:\/\/elektriauto.ee\/blogi\/elektriautode-tous-tulevik-soidab-rahumeelselt\/"]}]},{"@type":"BreadcrumbList","@id":"https:\/\/elektriauto.ee\/blogi\/elektriautode-tous-tulevik-soidab-rahumeelselt\/#breadcrumb","itemListElement":[{"@type":"ListItem","position":1,"name":"Avaleht","item":"https:\/\/elektriauto.ee\/blogi\/"},{"@type":"ListItem","position":2,"name":"Elektriautode T\u00f5us: Tulevik S\u00f5idab Rahumeelselt"}]},{"@type":"WebSite","@id":"https:\/\/elektriauto.ee\/blogi\/#website","url":"https:\/\/elektriauto.ee\/blogi\/","name":"Elektriauto.ee Blog","description":"K\u00f5ik elektriautodest","potentialAction":[{"@type":"SearchAction","target":{"@type":"EntryPoint","urlTemplate":"https:\/\/elektriauto.ee\/blogi\/?s={search_term_string}"},"query-input":{"@type":"PropertyValueSpecification","valueRequired":true,"valueName":"search_term_string"}}],"inLanguage":"et"},{"@type":"Person","@id":"https:\/\/elektriauto.ee\/blogi\/#\/schema\/person\/3fdeb56b2cc943f1bcc79efaea092f81","name":"gunther","image":{"@type":"ImageObject","inLanguage":"et","@id":"https:\/\/secure.gravatar.com\/avatar\/b00ac2cf6e68bee7996eebe28cf5b0aabe9cb3664c1c78f7c35da153c840df1b?s=96&d=mm&r=g","url":"https:\/\/secure.gravatar.com\/avatar\/b00ac2cf6e68bee7996eebe28cf5b0aabe9cb3664c1c78f7c35da153c840df1b?s=96&d=mm&r=g","contentUrl":"https:\/\/secure.gravatar.com\/avatar\/b00ac2cf6e68bee7996eebe28cf5b0aabe9cb3664c1c78f7c35da153c840df1b?s=96&d=mm&r=g","caption":"gunther"},"sameAs":["https:\/\/elektriauto.ee\/blogi"],"url":"https:\/\/elektriauto.ee\/blogi\/author\/gunther\/"}]}},"_links":{"self":[{"href":"https:\/\/elektriauto.ee\/blogi\/wp-json\/wp\/v2\/posts\/222","targetHints":{"allow":["GET"]}}],"collection":[{"href":"https:\/\/elektriauto.ee\/blogi\/wp-json\/wp\/v2\/posts"}],"about":[{"href":"https:\/\/elektriauto.ee\/blogi\/wp-json\/wp\/v2\/types\/post"}],"author":[{"embeddable":true,"href":"https:\/\/elektriauto.ee\/blogi\/wp-json\/wp\/v2\/users\/1"}],"replies":[{"embeddable":true,"href":"https:\/\/elektriauto.ee\/blogi\/wp-json\/wp\/v2\/comments?post=222"}],"version-history":[{"count":0,"href":"https:\/\/elektriauto.ee\/blogi\/wp-json\/wp\/v2\/posts\/222\/revisions"}],"wp:attachment":[{"href":"https:\/\/elektriauto.ee\/blogi\/wp-json\/wp\/v2\/media?parent=222"}],"wp:term":[{"taxonomy":"category","embeddable":true,"href":"https:\/\/elektriauto.ee\/blogi\/wp-json\/wp\/v2\/categories?post=222"},{"taxonomy":"post_tag","embeddable":true,"href":"https:\/\/elektriauto.ee\/blogi\/wp-json\/wp\/v2\/tags?post=222"}],"curies":[{"name":"wp","href":"https:\/\/api.w.org\/{rel}","templated":true}]}}